{"id":15709,"date":"2019-07-03T15:16:12","date_gmt":"2019-07-03T15:16:12","guid":{"rendered":"http:\/\/myesmart.com\/?p=15709"},"modified":"2025-08-29T14:17:40","modified_gmt":"2025-08-29T14:17:40","slug":"esmart-in-the-today-tv-show-on-the-rts","status":"publish","type":"post","link":"https:\/\/myesmart.com\/en\/esmart-in-the-today-tv-show-on-the-rts\/","title":{"rendered":"eSMART in the Today TV show on the RTS"},"content":{"rendered":"<p><img fetchpriority=\"high\" decoding=\"async\" class=\"alignleft wp-image-15686\" src=\"https:\/\/myesmart.com\/v2\/wp-content\/uploads\/2019\/07\/emission-aujourdhui.jpg\" alt=\"emission-aujourdhui\" width=\"450\" height=\"200\" srcset=\"https:\/\/myesmart.com\/wp-content\/uploads\/2019\/07\/emission-aujourdhui.jpg 1200w, https:\/\/myesmart.com\/wp-content\/uploads\/2019\/07\/emission-aujourdhui-300x134.jpg 300w, https:\/\/myesmart.com\/wp-content\/uploads\/2019\/07\/emission-aujourdhui-1024x456.jpg 1024w, https:\/\/myesmart.com\/wp-content\/uploads\/2019\/07\/emission-aujourdhui-768x342.jpg 768w\" sizes=\"(max-width: 450px) 100vw, 450px\" \/>Jonas Schneiter et l&#8217;\u00e9cologiste Marc Muller embarquent faire le tour de Suisse romande dans un bus solaire qu&#8217;ils ont recycl\u00e9 et adapt\u00e9. Le d\u00e9but d&#8217;une singuli\u00e8re aventure! Durant deux mois, ils s&#8217;arr\u00eatent chaque jour dans une nouvelle initiative positive. L&#8217;occasion pour Marc d&#8217;essayer de faire d\u00e9couvrir \u00e0 Jonas l&#8217;ampleur des mouvements si actuels du d\u00e9veloppement durable \u200ben Suisse.<\/p>\n<div id=\"attachment_15703\" style=\"width: 828px\" class=\"wp-caption aligncenter\"><img decoding=\"async\" aria-describedby=\"caption-attachment-15703\" class=\"wp-image-15703 size-full\" src=\"https:\/\/myesmart.com\/v2\/wp-content\/uploads\/2019\/07\/aujourdhui_RTS1.jpg\" alt=\"aujourdhui_RTS1\" width=\"818\" height=\"431\" srcset=\"https:\/\/myesmart.com\/wp-content\/uploads\/2019\/07\/aujourdhui_RTS1.jpg 818w, https:\/\/myesmart.com\/wp-content\/uploads\/2019\/07\/aujourdhui_RTS1-300x158.jpg 300w, https:\/\/myesmart.com\/wp-content\/uploads\/2019\/07\/aujourdhui_RTS1-768x405.jpg 768w\" sizes=\"(max-width: 818px) 100vw, 818px\" \/><p id=\"caption-attachment-15703\" class=\"wp-caption-text\">Fabrizio Lo Conte, CEO au micro de la RTS<\/p><\/div>\n<p style=\"text-align: justify;\">Dans ce deuxi\u00e8me \u00e9pisode de la 3\u00e8me saison d&#8217;Aujourd&#8217;hui, Marc Muller conduit Jonas Schneiter direction Gland en deuxi\u00e8me partie d&#8217;\u00e9pisode pour d\u00e9couvrir eSMART, une solution intelligente pour connaitre et visionner sa consommation d&#8217;\u00e9nergie \u00e0 la maison.<\/p>\n<div id=\"attachment_15704\" style=\"width: 826px\" class=\"wp-caption alignleft\"><img decoding=\"async\" aria-describedby=\"caption-attachment-15704\" class=\"size-full wp-image-15704\" src=\"https:\/\/myesmart.com\/v2\/wp-content\/uploads\/2019\/07\/aujourdhui_RTS2.jpg\" alt=\"Un habitant de l\u2019\u00e9co quartier Eikenott \u00e0 Gland\" width=\"816\" height=\"429\" srcset=\"https:\/\/myesmart.com\/wp-content\/uploads\/2019\/07\/aujourdhui_RTS2.jpg 816w, https:\/\/myesmart.com\/wp-content\/uploads\/2019\/07\/aujourdhui_RTS2-300x158.jpg 300w, https:\/\/myesmart.com\/wp-content\/uploads\/2019\/07\/aujourdhui_RTS2-768x404.jpg 768w\" sizes=\"(max-width: 816px) 100vw, 816px\" \/><p id=\"caption-attachment-15704\" class=\"wp-caption-text\">Un habitant de l\u2019\u00e9co quartier Eikenott \u00e0 Gland<\/p><\/div>\n<p style=\"text-align: left;\">Pour voir un extrait, cliquez ci-dessous :<\/p>\n<p style=\"text-align: left;\"><a href=\"https:\/\/www.facebook.com\/aujourdhui.ch\/videos\/402213573725761\/\"><img loading=\"lazy\" decoding=\"async\" class=\"alignnone wp-image-15687 size-medium\" src=\"https:\/\/myesmart.com\/v2\/wp-content\/uploads\/2019\/07\/eSMART_RTS-aujourdhui-300x125.png\" alt=\"eSMART_RTS aujourd'hui\" width=\"300\" height=\"125\" srcset=\"https:\/\/myesmart.com\/wp-content\/uploads\/2019\/07\/eSMART_RTS-aujourdhui-300x125.png 300w, https:\/\/myesmart.com\/wp-content\/uploads\/2019\/07\/eSMART_RTS-aujourdhui-1024x427.png 1024w, https:\/\/myesmart.com\/wp-content\/uploads\/2019\/07\/eSMART_RTS-aujourdhui-768x320.png 768w, https:\/\/myesmart.com\/wp-content\/uploads\/2019\/07\/eSMART_RTS-aujourdhui.png 1320w\" sizes=\"(max-width: 300px) 100vw, 300px\" \/><\/a><\/p>\n<p style=\"text-align: justify;\">Pour voir l&#8217;\u00e9mission compl\u00e8te suivez ce lien :\u00a0<a href=\"https:\/\/www.rts.ch\/play\/tv\/emission\/aujourdhui?id=8644940\" target=\"_blank\">www.rts.ch<\/a><\/p>\n<p>\u00a0[\/vc_column_text][\/vc_column][\/vc_row]<\/p>\n","protected":false},"excerpt":{"rendered":"<p>Jonas Schneiter et l&#8217;\u00e9cologiste Marc Muller embarquent faire le tour de Suisse romande dans un bus solaire qu&#8217;ils ont recycl\u00e9 et adapt\u00e9. Le d\u00e9but d&#8217;une singuli\u00e8re aventure! Durant deux mois, ils s&#8217;arr\u00eatent chaque jour dans une nouvelle initiative positive. L&#8217;occasion pour Marc d&#8217;essayer de faire d\u00e9couvrir \u00e0 Jonas l&#8217;ampleur des mouvements si actuels du d\u00e9veloppement&hellip;<\/p>\n","protected":false},"author":2,"featured_media":15687,"comment_status":"open","ping_status":"open","sticky":false,"template":"","format":"standard","meta":{"footnotes":""},"categories":[168,419,421,470],"tags":[],"class_list":["post-15709","post","type-post","status-publish","format-standard","has-post-thumbnail","hentry","category-company","category-news-3","category-press-2","category-press-en","category-168","category-419","category-421","category-470","description-off"],"yoast_head":"<!-- This site is optimized with the Yoast SEO plugin v26.2 - https:\/\/yoast.com\/wordpress\/plugins\/seo\/ -->\n<title>eSMART in the Today TV show on the RTS - eSMART Technologies<\/title>\n<meta name=\"robots\" content=\"index, follow, max-snippet:-1, max-image-preview:large, max-video-preview:-1\" \/>\n<link rel=\"canonical\" href=\"https:\/\/myesmart.com\/en\/esmart-in-the-today-tv-show-on-the-rts\/\" \/>\n<meta property=\"og:locale\" content=\"en_US\" \/>\n<meta property=\"og:type\" content=\"article\" \/>\n<meta property=\"og:title\" content=\"eSMART in the Today TV show on the RTS - eSMART Technologies\" \/>\n<meta property=\"og:description\" content=\"Jonas Schneiter et l&#8217;\u00e9cologiste Marc Muller embarquent faire le tour de Suisse romande dans un bus solaire qu&#8217;ils ont recycl\u00e9 et adapt\u00e9. Le d\u00e9but d&#8217;une singuli\u00e8re aventure! Durant deux mois, ils s&#8217;arr\u00eatent chaque jour dans une nouvelle initiative positive. L&#8217;occasion pour Marc d&#8217;essayer de faire d\u00e9couvrir \u00e0 Jonas l&#8217;ampleur des mouvements si actuels du d\u00e9veloppement&hellip;\" \/>\n<meta property=\"og:url\" content=\"https:\/\/myesmart.com\/en\/esmart-in-the-today-tv-show-on-the-rts\/\" \/>\n<meta property=\"og:site_name\" content=\"eSMART Technologies\" \/>\n<meta property=\"article:published_time\" content=\"2019-07-03T15:16:12+00:00\" \/>\n<meta property=\"article:modified_time\" content=\"2025-08-29T14:17:40+00:00\" \/>\n<meta property=\"og:image\" content=\"https:\/\/myesmart.com\/wp-content\/uploads\/2019\/07\/eSMART_RTS-aujourdhui.png\" \/>\n\t<meta property=\"og:image:width\" content=\"1320\" \/>\n\t<meta property=\"og:image:height\" content=\"550\" \/>\n\t<meta property=\"og:image:type\" content=\"image\/png\" \/>\n<meta name=\"author\" content=\"Thomas Bercht\" \/>\n<meta name=\"twitter:card\" content=\"summary_large_image\" \/>\n<meta name=\"twitter:label1\" content=\"Written by\" \/>\n\t<meta name=\"twitter:data1\" content=\"Thomas Bercht\" \/>\n\t<meta name=\"twitter:label2\" content=\"Est. reading time\" \/>\n\t<meta name=\"twitter:data2\" content=\"1 minute\" \/>\n<script type=\"application\/ld+json\" class=\"yoast-schema-graph\">{\"@context\":\"https:\/\/schema.org\",\"@graph\":[{\"@type\":\"Article\",\"@id\":\"https:\/\/myesmart.com\/en\/esmart-in-the-today-tv-show-on-the-rts\/#article\",\"isPartOf\":{\"@id\":\"https:\/\/myesmart.com\/en\/esmart-in-the-today-tv-show-on-the-rts\/\"},\"author\":{\"name\":\"Thomas Bercht\",\"@id\":\"https:\/\/myesmart.com\/de\/#\/schema\/person\/edb5ceb075d89a156356fa30a695d6ef\"},\"headline\":\"eSMART in the Today TV show on the RTS\",\"datePublished\":\"2019-07-03T15:16:12+00:00\",\"dateModified\":\"2025-08-29T14:17:40+00:00\",\"mainEntityOfPage\":{\"@id\":\"https:\/\/myesmart.com\/en\/esmart-in-the-today-tv-show-on-the-rts\/\"},\"wordCount\":176,\"commentCount\":0,\"publisher\":{\"@id\":\"https:\/\/myesmart.com\/de\/#organization\"},\"image\":{\"@id\":\"https:\/\/myesmart.com\/en\/esmart-in-the-today-tv-show-on-the-rts\/#primaryimage\"},\"thumbnailUrl\":\"https:\/\/myesmart.com\/wp-content\/uploads\/2019\/07\/eSMART_RTS-aujourdhui.png\",\"articleSection\":[\"Company\",\"News\",\"Press\",\"Press\"],\"inLanguage\":\"en-US\",\"potentialAction\":[{\"@type\":\"CommentAction\",\"name\":\"Comment\",\"target\":[\"https:\/\/myesmart.com\/en\/esmart-in-the-today-tv-show-on-the-rts\/#respond\"]}]},{\"@type\":\"WebPage\",\"@id\":\"https:\/\/myesmart.com\/en\/esmart-in-the-today-tv-show-on-the-rts\/\",\"url\":\"https:\/\/myesmart.com\/en\/esmart-in-the-today-tv-show-on-the-rts\/\",\"name\":\"eSMART in the Today TV show on the RTS - eSMART Technologies\",\"isPartOf\":{\"@id\":\"https:\/\/myesmart.com\/de\/#website\"},\"primaryImageOfPage\":{\"@id\":\"https:\/\/myesmart.com\/en\/esmart-in-the-today-tv-show-on-the-rts\/#primaryimage\"},\"image\":{\"@id\":\"https:\/\/myesmart.com\/en\/esmart-in-the-today-tv-show-on-the-rts\/#primaryimage\"},\"thumbnailUrl\":\"https:\/\/myesmart.com\/wp-content\/uploads\/2019\/07\/eSMART_RTS-aujourdhui.png\",\"datePublished\":\"2019-07-03T15:16:12+00:00\",\"dateModified\":\"2025-08-29T14:17:40+00:00\",\"breadcrumb\":{\"@id\":\"https:\/\/myesmart.com\/en\/esmart-in-the-today-tv-show-on-the-rts\/#breadcrumb\"},\"inLanguage\":\"en-US\",\"potentialAction\":[{\"@type\":\"ReadAction\",\"target\":[\"https:\/\/myesmart.com\/en\/esmart-in-the-today-tv-show-on-the-rts\/\"]}]},{\"@type\":\"ImageObject\",\"inLanguage\":\"en-US\",\"@id\":\"https:\/\/myesmart.com\/en\/esmart-in-the-today-tv-show-on-the-rts\/#primaryimage\",\"url\":\"https:\/\/myesmart.com\/wp-content\/uploads\/2019\/07\/eSMART_RTS-aujourdhui.png\",\"contentUrl\":\"https:\/\/myesmart.com\/wp-content\/uploads\/2019\/07\/eSMART_RTS-aujourdhui.png\",\"width\":1320,\"height\":550},{\"@type\":\"BreadcrumbList\",\"@id\":\"https:\/\/myesmart.com\/en\/esmart-in-the-today-tv-show-on-the-rts\/#breadcrumb\",\"itemListElement\":[{\"@type\":\"ListItem\",\"position\":1,\"name\":\"Accueil\",\"item\":\"https:\/\/myesmart.com\/\"},{\"@type\":\"ListItem\",\"position\":2,\"name\":\"eSMART in the Today TV show on the RTS\"}]},{\"@type\":\"WebSite\",\"@id\":\"https:\/\/myesmart.com\/de\/#website\",\"url\":\"https:\/\/myesmart.com\/de\/\",\"name\":\"eSMART Technologies\",\"description\":\"The Swiss leaders of interactive and connected home management and we provide sustainable and smart solutions to buildings so that people can improve the comfort to their daily life.\",\"publisher\":{\"@id\":\"https:\/\/myesmart.com\/de\/#organization\"},\"potentialAction\":[{\"@type\":\"SearchAction\",\"target\":{\"@type\":\"EntryPoint\",\"urlTemplate\":\"https:\/\/myesmart.com\/de\/?s={search_term_string}\"},\"query-input\":{\"@type\":\"PropertyValueSpecification\",\"valueRequired\":true,\"valueName\":\"search_term_string\"}}],\"inLanguage\":\"en-US\"},{\"@type\":\"Organization\",\"@id\":\"https:\/\/myesmart.com\/de\/#organization\",\"name\":\"eSMART Technologies\",\"url\":\"https:\/\/myesmart.com\/de\/\",\"logo\":{\"@type\":\"ImageObject\",\"inLanguage\":\"en-US\",\"@id\":\"https:\/\/myesmart.com\/de\/#\/schema\/logo\/image\/\",\"url\":\"https:\/\/myesmart.com\/wp-content\/uploads\/2024\/05\/esmart_logo_rgb_transparent.png\",\"contentUrl\":\"https:\/\/myesmart.com\/wp-content\/uploads\/2024\/05\/esmart_logo_rgb_transparent.png\",\"width\":2362,\"height\":874,\"caption\":\"eSMART Technologies\"},\"image\":{\"@id\":\"https:\/\/myesmart.com\/de\/#\/schema\/logo\/image\/\"},\"sameAs\":[\"https:\/\/www.linkedin.com\/company\/esmart-technologies\/\"]},{\"@type\":\"Person\",\"@id\":\"https:\/\/myesmart.com\/de\/#\/schema\/person\/edb5ceb075d89a156356fa30a695d6ef\",\"name\":\"Thomas Bercht\",\"url\":\"https:\/\/myesmart.com\/en\/author\/thomas-bercht\/\"}]}<\/script>\n<!-- \/ Yoast SEO plugin. -->","yoast_head_json":{"title":"eSMART in the Today TV show on the RTS - eSMART Technologies","robots":{"index":"index","follow":"follow","max-snippet":"max-snippet:-1","max-image-preview":"max-image-preview:large","max-video-preview":"max-video-preview:-1"},"canonical":"https:\/\/myesmart.com\/en\/esmart-in-the-today-tv-show-on-the-rts\/","og_locale":"en_US","og_type":"article","og_title":"eSMART in the Today TV show on the RTS - eSMART Technologies","og_description":"Jonas Schneiter et l&#8217;\u00e9cologiste Marc Muller embarquent faire le tour de Suisse romande dans un bus solaire qu&#8217;ils ont recycl\u00e9 et adapt\u00e9. Le d\u00e9but d&#8217;une singuli\u00e8re aventure! Durant deux mois, ils s&#8217;arr\u00eatent chaque jour dans une nouvelle initiative positive. L&#8217;occasion pour Marc d&#8217;essayer de faire d\u00e9couvrir \u00e0 Jonas l&#8217;ampleur des mouvements si actuels du d\u00e9veloppement&hellip;","og_url":"https:\/\/myesmart.com\/en\/esmart-in-the-today-tv-show-on-the-rts\/","og_site_name":"eSMART Technologies","article_published_time":"2019-07-03T15:16:12+00:00","article_modified_time":"2025-08-29T14:17:40+00:00","og_image":[{"width":1320,"height":550,"url":"https:\/\/myesmart.com\/wp-content\/uploads\/2019\/07\/eSMART_RTS-aujourdhui.png","type":"image\/png"}],"author":"Thomas Bercht","twitter_card":"summary_large_image","twitter_misc":{"Written by":"Thomas Bercht","Est. reading time":"1 minute"},"schema":{"@context":"https:\/\/schema.org","@graph":[{"@type":"Article","@id":"https:\/\/myesmart.com\/en\/esmart-in-the-today-tv-show-on-the-rts\/#article","isPartOf":{"@id":"https:\/\/myesmart.com\/en\/esmart-in-the-today-tv-show-on-the-rts\/"},"author":{"name":"Thomas Bercht","@id":"https:\/\/myesmart.com\/de\/#\/schema\/person\/edb5ceb075d89a156356fa30a695d6ef"},"headline":"eSMART in the Today TV show on the RTS","datePublished":"2019-07-03T15:16:12+00:00","dateModified":"2025-08-29T14:17:40+00:00","mainEntityOfPage":{"@id":"https:\/\/myesmart.com\/en\/esmart-in-the-today-tv-show-on-the-rts\/"},"wordCount":176,"commentCount":0,"publisher":{"@id":"https:\/\/myesmart.com\/de\/#organization"},"image":{"@id":"https:\/\/myesmart.com\/en\/esmart-in-the-today-tv-show-on-the-rts\/#primaryimage"},"thumbnailUrl":"https:\/\/myesmart.com\/wp-content\/uploads\/2019\/07\/eSMART_RTS-aujourdhui.png","articleSection":["Company","News","Press","Press"],"inLanguage":"en-US","potentialAction":[{"@type":"CommentAction","name":"Comment","target":["https:\/\/myesmart.com\/en\/esmart-in-the-today-tv-show-on-the-rts\/#respond"]}]},{"@type":"WebPage","@id":"https:\/\/myesmart.com\/en\/esmart-in-the-today-tv-show-on-the-rts\/","url":"https:\/\/myesmart.com\/en\/esmart-in-the-today-tv-show-on-the-rts\/","name":"eSMART in the Today TV show on the RTS - eSMART Technologies","isPartOf":{"@id":"https:\/\/myesmart.com\/de\/#website"},"primaryImageOfPage":{"@id":"https:\/\/myesmart.com\/en\/esmart-in-the-today-tv-show-on-the-rts\/#primaryimage"},"image":{"@id":"https:\/\/myesmart.com\/en\/esmart-in-the-today-tv-show-on-the-rts\/#primaryimage"},"thumbnailUrl":"https:\/\/myesmart.com\/wp-content\/uploads\/2019\/07\/eSMART_RTS-aujourdhui.png","datePublished":"2019-07-03T15:16:12+00:00","dateModified":"2025-08-29T14:17:40+00:00","breadcrumb":{"@id":"https:\/\/myesmart.com\/en\/esmart-in-the-today-tv-show-on-the-rts\/#breadcrumb"},"inLanguage":"en-US","potentialAction":[{"@type":"ReadAction","target":["https:\/\/myesmart.com\/en\/esmart-in-the-today-tv-show-on-the-rts\/"]}]},{"@type":"ImageObject","inLanguage":"en-US","@id":"https:\/\/myesmart.com\/en\/esmart-in-the-today-tv-show-on-the-rts\/#primaryimage","url":"https:\/\/myesmart.com\/wp-content\/uploads\/2019\/07\/eSMART_RTS-aujourdhui.png","contentUrl":"https:\/\/myesmart.com\/wp-content\/uploads\/2019\/07\/eSMART_RTS-aujourdhui.png","width":1320,"height":550},{"@type":"BreadcrumbList","@id":"https:\/\/myesmart.com\/en\/esmart-in-the-today-tv-show-on-the-rts\/#breadcrumb","itemListElement":[{"@type":"ListItem","position":1,"name":"Accueil","item":"https:\/\/myesmart.com\/"},{"@type":"ListItem","position":2,"name":"eSMART in the Today TV show on the RTS"}]},{"@type":"WebSite","@id":"https:\/\/myesmart.com\/de\/#website","url":"https:\/\/myesmart.com\/de\/","name":"eSMART Technologies","description":"The Swiss leaders of interactive and connected home management and we provide sustainable and smart solutions to buildings so that people can improve the comfort to their daily life.","publisher":{"@id":"https:\/\/myesmart.com\/de\/#organization"},"potentialAction":[{"@type":"SearchAction","target":{"@type":"EntryPoint","urlTemplate":"https:\/\/myesmart.com\/de\/?s={search_term_string}"},"query-input":{"@type":"PropertyValueSpecification","valueRequired":true,"valueName":"search_term_string"}}],"inLanguage":"en-US"},{"@type":"Organization","@id":"https:\/\/myesmart.com\/de\/#organization","name":"eSMART Technologies","url":"https:\/\/myesmart.com\/de\/","logo":{"@type":"ImageObject","inLanguage":"en-US","@id":"https:\/\/myesmart.com\/de\/#\/schema\/logo\/image\/","url":"https:\/\/myesmart.com\/wp-content\/uploads\/2024\/05\/esmart_logo_rgb_transparent.png","contentUrl":"https:\/\/myesmart.com\/wp-content\/uploads\/2024\/05\/esmart_logo_rgb_transparent.png","width":2362,"height":874,"caption":"eSMART Technologies"},"image":{"@id":"https:\/\/myesmart.com\/de\/#\/schema\/logo\/image\/"},"sameAs":["https:\/\/www.linkedin.com\/company\/esmart-technologies\/"]},{"@type":"Person","@id":"https:\/\/myesmart.com\/de\/#\/schema\/person\/edb5ceb075d89a156356fa30a695d6ef","name":"Thomas Bercht","url":"https:\/\/myesmart.com\/en\/author\/thomas-bercht\/"}]}},"_links":{"self":[{"href":"https:\/\/myesmart.com\/en\/wp-json\/wp\/v2\/posts\/15709","targetHints":{"allow":["GET"]}}],"collection":[{"href":"https:\/\/myesmart.com\/en\/wp-json\/wp\/v2\/posts"}],"about":[{"href":"https:\/\/myesmart.com\/en\/wp-json\/wp\/v2\/types\/post"}],"author":[{"embeddable":true,"href":"https:\/\/myesmart.com\/en\/wp-json\/wp\/v2\/users\/2"}],"replies":[{"embeddable":true,"href":"https:\/\/myesmart.com\/en\/wp-json\/wp\/v2\/comments?post=15709"}],"version-history":[{"count":1,"href":"https:\/\/myesmart.com\/en\/wp-json\/wp\/v2\/posts\/15709\/revisions"}],"predecessor-version":[{"id":98313,"href":"https:\/\/myesmart.com\/en\/wp-json\/wp\/v2\/posts\/15709\/revisions\/98313"}],"wp:featuredmedia":[{"embeddable":true,"href":"https:\/\/myesmart.com\/en\/wp-json\/wp\/v2\/media\/15687"}],"wp:attachment":[{"href":"https:\/\/myesmart.com\/en\/wp-json\/wp\/v2\/media?parent=15709"}],"wp:term":[{"taxonomy":"category","embeddable":true,"href":"https:\/\/myesmart.com\/en\/wp-json\/wp\/v2\/categories?post=15709"},{"taxonomy":"post_tag","embeddable":true,"href":"https:\/\/myesmart.com\/en\/wp-json\/wp\/v2\/tags?post=15709"}],"curies":[{"name":"wp","href":"https:\/\/api.w.org\/{rel}","templated":true}]}}