{"id":22710,"date":"2025-06-19T09:21:32","date_gmt":"2025-06-19T09:21:32","guid":{"rendered":"https:\/\/myesmart.com\/?p=22710"},"modified":"2025-08-20T11:58:40","modified_gmt":"2025-08-20T11:58:40","slug":"das-team-wachst-weiter","status":"publish","type":"post","link":"https:\/\/myesmart.com\/de\/das-team-wachst-weiter\/","title":{"rendered":"Das Team w\u00e4chst weiter !"},"content":{"rendered":"<h2 style=\"color: #02c602; font-size: 24px; font-weight: bold;\">eSMART setzt sein Wachstum fort und verst\u00e4rkt sein Team!<\/h2>\n<p><span class=\"TextRun SCXW246103055 BCX0\" lang=\"FR-FR\" xml:lang=\"FR-FR\" data-contrast=\"auto\"><span class=\"NormalTextRun SpellingErrorV2Themed SCXW246103055 BCX0\">Nach<\/span> <span class=\"NormalTextRun SpellingErrorV2Themed SCXW246103055 BCX0\">unserem<\/span> <a href=\"https:\/\/myesmart.com\/de\/das-esmart-team-wachst-weiter\/\"><span class=\"NormalTextRun SpellingErrorV2Themed SCXW246103055 BCX0\">letzten<\/span> <span class=\"NormalTextRun SpellingErrorV2Themed SCXW246103055 BCX0\">Beitrag<\/span><\/a><span class=\"NormalTextRun SCXW246103055 BCX0\">, in <\/span><span class=\"NormalTextRun SpellingErrorV2Themed SCXW246103055 BCX0\">dem<\/span> <span class=\"NormalTextRun SpellingErrorV2Themed SCXW246103055 BCX0\">wir<\/span><span class=\"NormalTextRun SCXW246103055 BCX0\"> die <\/span><span class=\"NormalTextRun SpellingErrorV2Themed SCXW246103055 BCX0\">Ankunft<\/span><span class=\"NormalTextRun SCXW246103055 BCX0\"> von Thomas Bercht (Marketing Manager) <\/span><span class=\"NormalTextRun SpellingErrorV2Themed SCXW246103055 BCX0\">und<\/span><span class=\"NormalTextRun SCXW246103055 BCX0\"> Gilles von Burg (<\/span><span class=\"NormalTextRun SpellingErrorV2Themed SCXW246103055 BCX0\">Verkaufsleiter<\/span><span class=\"NormalTextRun SCXW246103055 BCX0\"> VD-GE-NE) <\/span><span class=\"NormalTextRun SpellingErrorV2Themed SCXW246103055 BCX0\">angek\u00fcndigt<\/span> <span class=\"NormalTextRun SpellingErrorV2Themed SCXW246103055 BCX0\">haben<\/span><span class=\"NormalTextRun SCXW246103055 BCX0\">, <\/span><span class=\"NormalTextRun SpellingErrorV2Themed SCXW246103055 BCX0\">freuen<\/span> <span class=\"NormalTextRun SpellingErrorV2Themed SCXW246103055 BCX0\">wir<\/span><span class=\"NormalTextRun SCXW246103055 BCX0\"> uns, <\/span><span class=\"NormalTextRun SpellingErrorV2Themed SCXW246103055 BCX0\">zwei<\/span> <span class=\"NormalTextRun SpellingErrorV2Themed SCXW246103055 BCX0\">weitere<\/span> <span class=\"NormalTextRun SpellingErrorV2Themed SCXW246103055 BCX0\">Schl\u00fcsselpersonen<\/span> <span class=\"NormalTextRun SpellingErrorV2Themed SCXW246103055 BCX0\">vorstellen<\/span> <span class=\"NormalTextRun SpellingErrorV2Themed SCXW246103055 BCX0\">zu<\/span> <span class=\"NormalTextRun SpellingErrorV2Themed SCXW246103055 BCX0\">d\u00fcrfen<\/span><span class=\"NormalTextRun SCXW246103055 BCX0\">, die <\/span><span class=\"NormalTextRun SpellingErrorV2Themed SCXW246103055 BCX0\">unser<\/span><span class=\"NormalTextRun SCXW246103055 BCX0\"> Team <\/span><span class=\"NormalTextRun SpellingErrorV2Themed SCXW246103055 BCX0\">bereichern<\/span><span class=\"NormalTextRun SCXW246103055 BCX0\">!<\/span><\/span><span class=\"EOP SCXW246103055 BCX0\" data-ccp-props=\"{&quot;134233117&quot;:false,&quot;134233118&quot;:false,&quot;335551550&quot;:0,&quot;335551620&quot;:0,&quot;335559738&quot;:240,&quot;335559739&quot;:240}\">\u00a0<\/span><\/p>\n<h3 style=\"color: #02c602; font-size: 16px; font-weight: bold;\"><span class=\"TextRun SCXW96461900 BCX0\" lang=\"FR-FR\" xml:lang=\"FR-FR\" data-contrast=\"auto\"><span class=\"NormalTextRun SpellingErrorV2Themed SCXW96461900 BCX0\">Willkommen<\/span><span class=\"NormalTextRun SCXW96461900 BCX0\"> Jean-Yves <\/span><span class=\"NormalTextRun SpellingErrorV2Themed SCXW96461900 BCX0\">Boudot<\/span><span class=\"NormalTextRun SCXW96461900 BCX0\">, <\/span><span class=\"NormalTextRun SpellingErrorV2Themed SCXW96461900 BCX0\">neuer<\/span> <span class=\"NormalTextRun SpellingErrorV2Themed SCXW96461900 BCX0\">Verkaufsleiter<\/span><\/span><span class=\"EOP SCXW96461900 BCX0\" data-ccp-props=\"{&quot;134233117&quot;:false,&quot;134233118&quot;:false,&quot;335551550&quot;:0,&quot;335551620&quot;:0,&quot;335559738&quot;:240,&quot;335559739&quot;:240}\">\u00a0<\/span><\/h3>\n<p><span data-contrast=\"auto\"><strong>Jean-Yves Boudot<\/strong> tritt eSMART als <strong>Verkaufsleiter<\/strong> bei und bringt \u00fcber 20 Jahre Erfahrung in der Industrie sowie ausgewiesene Expertise in der Baubranche mit. Als versierter Manager verf\u00fcgt er \u00fcber fundierte Kenntnisse in den Bereichen Vertrieb, Unternehmensentwicklung, Strategie und Marketing.<\/span><span data-ccp-props=\"{&quot;134233117&quot;:false,&quot;134233118&quot;:false,&quot;335551550&quot;:0,&quot;335551620&quot;:0,&quot;335559738&quot;:240,&quot;335559739&quot;:240}\">\u00a0<\/span><\/p>\n<p><span data-contrast=\"auto\">Ganz auf Kunden und Mitarbeitende ausgerichtet, begeistert er sich f\u00fcr die Entwicklung von Teams, die er mit hoher fachlicher Anspruchshaltung und menschlicher Wertsch\u00e4tzung f\u00f6rdert. Wir hei\u00dfen ihn herzlich willkommen und w\u00fcnschen ihm viel Erfolg in seiner neuen Funktion.<\/span><span data-ccp-props=\"{&quot;134233117&quot;:false,&quot;134233118&quot;:false,&quot;335551550&quot;:0,&quot;335551620&quot;:0,&quot;335559738&quot;:240,&quot;335559739&quot;:240}\">\u00a0<\/span><\/p>\n<h3 style=\"color: #02c602; font-size: 16px; font-weight: bold;\"><span class=\"TextRun SCXW73519595 BCX0\" lang=\"FR-FR\" xml:lang=\"FR-FR\" data-contrast=\"auto\"><span class=\"NormalTextRun SpellingErrorV2Themed SCXW73519595 BCX0\">Enis<\/span> <span class=\"NormalTextRun SpellingErrorV2Themed SCXW73519595 BCX0\">Kryeziu<\/span> <span class=\"NormalTextRun SpellingErrorV2Themed SCXW73519595 BCX0\">verst\u00e4rkt<\/span><span class=\"NormalTextRun SCXW73519595 BCX0\"> den <\/span><span class=\"NormalTextRun SpellingErrorV2Themed SCXW73519595 BCX0\">Kundensupport<\/span><\/span><span class=\"EOP SCXW73519595 BCX0\" data-ccp-props=\"{&quot;134233117&quot;:false,&quot;134233118&quot;:false,&quot;335551550&quot;:0,&quot;335551620&quot;:0,&quot;335559738&quot;:240,&quot;335559739&quot;:240}\">\u00a0<\/span><\/h3>\n<p><span data-contrast=\"auto\">Wir freuen uns au\u00dferdem \u00fcber den Einstieg von <strong>Enis Kryeziu<\/strong>, der unseren <strong>Customer Support<\/strong> verst\u00e4rkt. Er wird eine zentrale Rolle bei der Betreuung unserer deutschsprachigen Nutzerinnen und Nutzer spielen und dabei einen reaktionsschnellen, hochwertigen technischen Support f\u00fcr unsere Kundschaft in der Deutschschweiz sicherstellen. Seine Integration soll unsere Kundenn\u00e4he weiter ausbauen und einen noch effizienteren Service gew\u00e4hrleisten.<\/span><span data-ccp-props=\"{&quot;134233117&quot;:false,&quot;134233118&quot;:false,&quot;335551550&quot;:0,&quot;335551620&quot;:0,&quot;335559738&quot;:240,&quot;335559739&quot;:240}\">\u00a0<\/span><\/p>\n<p>&nbsp;<\/p>\n<p><span data-contrast=\"auto\">Mit diesen neuen Teammitgliedern st\u00e4rken wir unsere F\u00e4higkeit, auf die Herausforderungen unserer Partner und Kunden einzugehen \u2013 und freuen uns schon jetzt darauf, die Projekte f\u00fcr 2025 vorzustellen.<\/span><span data-ccp-props=\"{&quot;134233117&quot;:false,&quot;134233118&quot;:false,&quot;335551550&quot;:0,&quot;335551620&quot;:0,&quot;335559738&quot;:240,&quot;335559739&quot;:240}\">\u00a0<\/span><\/p>\n<p><span data-contrast=\"auto\">&#x1f449; <a href=\"https:\/\/www.linkedin.com\/company\/esmart-technologies\/\">Folgen Sie uns auf LinkedIn<\/a>, um keine Neuigkeiten und Projekte zu verpassen!<\/span><span data-ccp-props=\"{&quot;134233117&quot;:false,&quot;134233118&quot;:false,&quot;335551550&quot;:0,&quot;335551620&quot;:0,&quot;335559738&quot;:240,&quot;335559739&quot;:240}\">\u00a0<\/span><\/p>\n","protected":false},"excerpt":{"rendered":"<p>eSMART setzt sein Wachstum fort und verst\u00e4rkt sein Team! Nach unserem letzten Beitrag, in dem wir die Ankunft von Thomas Bercht (Marketing Manager) und Gilles von Burg (Verkaufsleiter VD-GE-NE) angek\u00fcndigt haben, freuen wir uns, zwei weitere Schl\u00fcsselpersonen vorstellen zu d\u00fcrfen, die unser Team bereichern!\u00a0 Willkommen Jean-Yves Boudot, neuer Verkaufsleiter\u00a0 Jean-Yves Boudot tritt eSMART als Verkaufsleiter&hellip;<\/p>\n","protected":false},"author":2,"featured_media":96828,"comment_status":"open","ping_status":"open","sticky":false,"template":"","format":"standard","meta":{"footnotes":""},"categories":[357,197],"tags":[],"class_list":["post-22710","post","type-post","status-publish","format-standard","has-post-thumbnail","hentry","category-aktuelles","category-actualite-de","category-357","category-197","description-off"],"yoast_head":"<!-- This site is optimized with the Yoast SEO plugin v26.2 - https:\/\/yoast.com\/wordpress\/plugins\/seo\/ -->\n<title>Das Team w\u00e4chst weiter ! - eSMART Technologies<\/title>\n<meta name=\"robots\" content=\"index, follow, max-snippet:-1, max-image-preview:large, max-video-preview:-1\" \/>\n<link rel=\"canonical\" href=\"https:\/\/myesmart.com\/de\/das-team-wachst-weiter\/\" \/>\n<meta property=\"og:locale\" content=\"de_DE\" \/>\n<meta property=\"og:type\" content=\"article\" \/>\n<meta property=\"og:title\" content=\"Das Team w\u00e4chst weiter ! - eSMART Technologies\" \/>\n<meta property=\"og:description\" content=\"eSMART setzt sein Wachstum fort und verst\u00e4rkt sein Team! Nach unserem letzten Beitrag, in dem wir die Ankunft von Thomas Bercht (Marketing Manager) und Gilles von Burg (Verkaufsleiter VD-GE-NE) angek\u00fcndigt haben, freuen wir uns, zwei weitere Schl\u00fcsselpersonen vorstellen zu d\u00fcrfen, die unser Team bereichern!\u00a0 Willkommen Jean-Yves Boudot, neuer Verkaufsleiter\u00a0 Jean-Yves Boudot tritt eSMART als Verkaufsleiter&hellip;\" \/>\n<meta property=\"og:url\" content=\"https:\/\/myesmart.com\/de\/das-team-wachst-weiter\/\" \/>\n<meta property=\"og:site_name\" content=\"eSMART Technologies\" \/>\n<meta property=\"article:published_time\" content=\"2025-06-19T09:21:32+00:00\" \/>\n<meta property=\"article:modified_time\" content=\"2025-08-20T11:58:40+00:00\" \/>\n<meta property=\"og:image\" content=\"https:\/\/myesmart.com\/wp-content\/uploads\/2025\/06\/ALL_Poster_JeanYves_Enis.jpg\" \/>\n\t<meta property=\"og:image:width\" content=\"960\" \/>\n\t<meta property=\"og:image:height\" content=\"540\" \/>\n\t<meta property=\"og:image:type\" content=\"image\/jpeg\" \/>\n<meta name=\"author\" content=\"Thomas Bercht\" \/>\n<meta name=\"twitter:card\" content=\"summary_large_image\" \/>\n<meta name=\"twitter:label1\" content=\"Verfasst von\" \/>\n\t<meta name=\"twitter:data1\" content=\"Thomas Bercht\" \/>\n\t<meta name=\"twitter:label2\" content=\"Gesch\u00e4tzte Lesezeit\" \/>\n\t<meta name=\"twitter:data2\" content=\"1\u00a0Minute\" \/>\n<script type=\"application\/ld+json\" class=\"yoast-schema-graph\">{\"@context\":\"https:\/\/schema.org\",\"@graph\":[{\"@type\":\"Article\",\"@id\":\"https:\/\/myesmart.com\/de\/das-team-wachst-weiter\/#article\",\"isPartOf\":{\"@id\":\"https:\/\/myesmart.com\/de\/das-team-wachst-weiter\/\"},\"author\":{\"name\":\"Thomas Bercht\",\"@id\":\"https:\/\/myesmart.com\/de\/#\/schema\/person\/edb5ceb075d89a156356fa30a695d6ef\"},\"headline\":\"Das Team w\u00e4chst weiter !\",\"datePublished\":\"2025-06-19T09:21:32+00:00\",\"dateModified\":\"2025-08-20T11:58:40+00:00\",\"mainEntityOfPage\":{\"@id\":\"https:\/\/myesmart.com\/de\/das-team-wachst-weiter\/\"},\"wordCount\":251,\"commentCount\":0,\"publisher\":{\"@id\":\"https:\/\/myesmart.com\/de\/#organization\"},\"image\":{\"@id\":\"https:\/\/myesmart.com\/de\/das-team-wachst-weiter\/#primaryimage\"},\"thumbnailUrl\":\"https:\/\/myesmart.com\/wp-content\/uploads\/2025\/06\/ALL_Poster_JeanYves_Enis.jpg\",\"articleSection\":[\"Aktuelles\",\"Nachrichten @de\"],\"inLanguage\":\"de\",\"potentialAction\":[{\"@type\":\"CommentAction\",\"name\":\"Comment\",\"target\":[\"https:\/\/myesmart.com\/de\/das-team-wachst-weiter\/#respond\"]}]},{\"@type\":\"WebPage\",\"@id\":\"https:\/\/myesmart.com\/de\/das-team-wachst-weiter\/\",\"url\":\"https:\/\/myesmart.com\/de\/das-team-wachst-weiter\/\",\"name\":\"Das Team w\u00e4chst weiter ! - eSMART Technologies\",\"isPartOf\":{\"@id\":\"https:\/\/myesmart.com\/de\/#website\"},\"primaryImageOfPage\":{\"@id\":\"https:\/\/myesmart.com\/de\/das-team-wachst-weiter\/#primaryimage\"},\"image\":{\"@id\":\"https:\/\/myesmart.com\/de\/das-team-wachst-weiter\/#primaryimage\"},\"thumbnailUrl\":\"https:\/\/myesmart.com\/wp-content\/uploads\/2025\/06\/ALL_Poster_JeanYves_Enis.jpg\",\"datePublished\":\"2025-06-19T09:21:32+00:00\",\"dateModified\":\"2025-08-20T11:58:40+00:00\",\"breadcrumb\":{\"@id\":\"https:\/\/myesmart.com\/de\/das-team-wachst-weiter\/#breadcrumb\"},\"inLanguage\":\"de\",\"potentialAction\":[{\"@type\":\"ReadAction\",\"target\":[\"https:\/\/myesmart.com\/de\/das-team-wachst-weiter\/\"]}]},{\"@type\":\"ImageObject\",\"inLanguage\":\"de\",\"@id\":\"https:\/\/myesmart.com\/de\/das-team-wachst-weiter\/#primaryimage\",\"url\":\"https:\/\/myesmart.com\/wp-content\/uploads\/2025\/06\/ALL_Poster_JeanYves_Enis.jpg\",\"contentUrl\":\"https:\/\/myesmart.com\/wp-content\/uploads\/2025\/06\/ALL_Poster_JeanYves_Enis.jpg\",\"width\":960,\"height\":540},{\"@type\":\"BreadcrumbList\",\"@id\":\"https:\/\/myesmart.com\/de\/das-team-wachst-weiter\/#breadcrumb\",\"itemListElement\":[{\"@type\":\"ListItem\",\"position\":1,\"name\":\"Accueil\",\"item\":\"https:\/\/myesmart.com\/\"},{\"@type\":\"ListItem\",\"position\":2,\"name\":\"Das Team w\u00e4chst weiter !\"}]},{\"@type\":\"WebSite\",\"@id\":\"https:\/\/myesmart.com\/de\/#website\",\"url\":\"https:\/\/myesmart.com\/de\/\",\"name\":\"eSMART Technologies\",\"description\":\"The Swiss leaders of interactive and connected home management and we provide sustainable and smart solutions to buildings so that people can improve the comfort to their daily life.\",\"publisher\":{\"@id\":\"https:\/\/myesmart.com\/de\/#organization\"},\"potentialAction\":[{\"@type\":\"SearchAction\",\"target\":{\"@type\":\"EntryPoint\",\"urlTemplate\":\"https:\/\/myesmart.com\/de\/?s={search_term_string}\"},\"query-input\":{\"@type\":\"PropertyValueSpecification\",\"valueRequired\":true,\"valueName\":\"search_term_string\"}}],\"inLanguage\":\"de\"},{\"@type\":\"Organization\",\"@id\":\"https:\/\/myesmart.com\/de\/#organization\",\"name\":\"eSMART Technologies\",\"url\":\"https:\/\/myesmart.com\/de\/\",\"logo\":{\"@type\":\"ImageObject\",\"inLanguage\":\"de\",\"@id\":\"https:\/\/myesmart.com\/de\/#\/schema\/logo\/image\/\",\"url\":\"https:\/\/myesmart.com\/wp-content\/uploads\/2024\/05\/esmart_logo_rgb_transparent.png\",\"contentUrl\":\"https:\/\/myesmart.com\/wp-content\/uploads\/2024\/05\/esmart_logo_rgb_transparent.png\",\"width\":2362,\"height\":874,\"caption\":\"eSMART Technologies\"},\"image\":{\"@id\":\"https:\/\/myesmart.com\/de\/#\/schema\/logo\/image\/\"},\"sameAs\":[\"https:\/\/www.linkedin.com\/company\/esmart-technologies\/\"]},{\"@type\":\"Person\",\"@id\":\"https:\/\/myesmart.com\/de\/#\/schema\/person\/edb5ceb075d89a156356fa30a695d6ef\",\"name\":\"Thomas Bercht\",\"url\":\"https:\/\/myesmart.com\/de\/author\/thomas-bercht\/\"}]}<\/script>\n<!-- \/ Yoast SEO plugin. -->","yoast_head_json":{"title":"Das Team w\u00e4chst weiter ! - eSMART Technologies","robots":{"index":"index","follow":"follow","max-snippet":"max-snippet:-1","max-image-preview":"max-image-preview:large","max-video-preview":"max-video-preview:-1"},"canonical":"https:\/\/myesmart.com\/de\/das-team-wachst-weiter\/","og_locale":"de_DE","og_type":"article","og_title":"Das Team w\u00e4chst weiter ! - eSMART Technologies","og_description":"eSMART setzt sein Wachstum fort und verst\u00e4rkt sein Team! Nach unserem letzten Beitrag, in dem wir die Ankunft von Thomas Bercht (Marketing Manager) und Gilles von Burg (Verkaufsleiter VD-GE-NE) angek\u00fcndigt haben, freuen wir uns, zwei weitere Schl\u00fcsselpersonen vorstellen zu d\u00fcrfen, die unser Team bereichern!\u00a0 Willkommen Jean-Yves Boudot, neuer Verkaufsleiter\u00a0 Jean-Yves Boudot tritt eSMART als Verkaufsleiter&hellip;","og_url":"https:\/\/myesmart.com\/de\/das-team-wachst-weiter\/","og_site_name":"eSMART Technologies","article_published_time":"2025-06-19T09:21:32+00:00","article_modified_time":"2025-08-20T11:58:40+00:00","og_image":[{"width":960,"height":540,"url":"https:\/\/myesmart.com\/wp-content\/uploads\/2025\/06\/ALL_Poster_JeanYves_Enis.jpg","type":"image\/jpeg"}],"author":"Thomas Bercht","twitter_card":"summary_large_image","twitter_misc":{"Verfasst von":"Thomas Bercht","Gesch\u00e4tzte Lesezeit":"1\u00a0Minute"},"schema":{"@context":"https:\/\/schema.org","@graph":[{"@type":"Article","@id":"https:\/\/myesmart.com\/de\/das-team-wachst-weiter\/#article","isPartOf":{"@id":"https:\/\/myesmart.com\/de\/das-team-wachst-weiter\/"},"author":{"name":"Thomas Bercht","@id":"https:\/\/myesmart.com\/de\/#\/schema\/person\/edb5ceb075d89a156356fa30a695d6ef"},"headline":"Das Team w\u00e4chst weiter !","datePublished":"2025-06-19T09:21:32+00:00","dateModified":"2025-08-20T11:58:40+00:00","mainEntityOfPage":{"@id":"https:\/\/myesmart.com\/de\/das-team-wachst-weiter\/"},"wordCount":251,"commentCount":0,"publisher":{"@id":"https:\/\/myesmart.com\/de\/#organization"},"image":{"@id":"https:\/\/myesmart.com\/de\/das-team-wachst-weiter\/#primaryimage"},"thumbnailUrl":"https:\/\/myesmart.com\/wp-content\/uploads\/2025\/06\/ALL_Poster_JeanYves_Enis.jpg","articleSection":["Aktuelles","Nachrichten @de"],"inLanguage":"de","potentialAction":[{"@type":"CommentAction","name":"Comment","target":["https:\/\/myesmart.com\/de\/das-team-wachst-weiter\/#respond"]}]},{"@type":"WebPage","@id":"https:\/\/myesmart.com\/de\/das-team-wachst-weiter\/","url":"https:\/\/myesmart.com\/de\/das-team-wachst-weiter\/","name":"Das Team w\u00e4chst weiter ! - eSMART Technologies","isPartOf":{"@id":"https:\/\/myesmart.com\/de\/#website"},"primaryImageOfPage":{"@id":"https:\/\/myesmart.com\/de\/das-team-wachst-weiter\/#primaryimage"},"image":{"@id":"https:\/\/myesmart.com\/de\/das-team-wachst-weiter\/#primaryimage"},"thumbnailUrl":"https:\/\/myesmart.com\/wp-content\/uploads\/2025\/06\/ALL_Poster_JeanYves_Enis.jpg","datePublished":"2025-06-19T09:21:32+00:00","dateModified":"2025-08-20T11:58:40+00:00","breadcrumb":{"@id":"https:\/\/myesmart.com\/de\/das-team-wachst-weiter\/#breadcrumb"},"inLanguage":"de","potentialAction":[{"@type":"ReadAction","target":["https:\/\/myesmart.com\/de\/das-team-wachst-weiter\/"]}]},{"@type":"ImageObject","inLanguage":"de","@id":"https:\/\/myesmart.com\/de\/das-team-wachst-weiter\/#primaryimage","url":"https:\/\/myesmart.com\/wp-content\/uploads\/2025\/06\/ALL_Poster_JeanYves_Enis.jpg","contentUrl":"https:\/\/myesmart.com\/wp-content\/uploads\/2025\/06\/ALL_Poster_JeanYves_Enis.jpg","width":960,"height":540},{"@type":"BreadcrumbList","@id":"https:\/\/myesmart.com\/de\/das-team-wachst-weiter\/#breadcrumb","itemListElement":[{"@type":"ListItem","position":1,"name":"Accueil","item":"https:\/\/myesmart.com\/"},{"@type":"ListItem","position":2,"name":"Das Team w\u00e4chst weiter !"}]},{"@type":"WebSite","@id":"https:\/\/myesmart.com\/de\/#website","url":"https:\/\/myesmart.com\/de\/","name":"eSMART Technologies","description":"The Swiss leaders of interactive and connected home management and we provide sustainable and smart solutions to buildings so that people can improve the comfort to their daily life.","publisher":{"@id":"https:\/\/myesmart.com\/de\/#organization"},"potentialAction":[{"@type":"SearchAction","target":{"@type":"EntryPoint","urlTemplate":"https:\/\/myesmart.com\/de\/?s={search_term_string}"},"query-input":{"@type":"PropertyValueSpecification","valueRequired":true,"valueName":"search_term_string"}}],"inLanguage":"de"},{"@type":"Organization","@id":"https:\/\/myesmart.com\/de\/#organization","name":"eSMART Technologies","url":"https:\/\/myesmart.com\/de\/","logo":{"@type":"ImageObject","inLanguage":"de","@id":"https:\/\/myesmart.com\/de\/#\/schema\/logo\/image\/","url":"https:\/\/myesmart.com\/wp-content\/uploads\/2024\/05\/esmart_logo_rgb_transparent.png","contentUrl":"https:\/\/myesmart.com\/wp-content\/uploads\/2024\/05\/esmart_logo_rgb_transparent.png","width":2362,"height":874,"caption":"eSMART Technologies"},"image":{"@id":"https:\/\/myesmart.com\/de\/#\/schema\/logo\/image\/"},"sameAs":["https:\/\/www.linkedin.com\/company\/esmart-technologies\/"]},{"@type":"Person","@id":"https:\/\/myesmart.com\/de\/#\/schema\/person\/edb5ceb075d89a156356fa30a695d6ef","name":"Thomas Bercht","url":"https:\/\/myesmart.com\/de\/author\/thomas-bercht\/"}]}},"_links":{"self":[{"href":"https:\/\/myesmart.com\/de\/wp-json\/wp\/v2\/posts\/22710","targetHints":{"allow":["GET"]}}],"collection":[{"href":"https:\/\/myesmart.com\/de\/wp-json\/wp\/v2\/posts"}],"about":[{"href":"https:\/\/myesmart.com\/de\/wp-json\/wp\/v2\/types\/post"}],"author":[{"embeddable":true,"href":"https:\/\/myesmart.com\/de\/wp-json\/wp\/v2\/users\/2"}],"replies":[{"embeddable":true,"href":"https:\/\/myesmart.com\/de\/wp-json\/wp\/v2\/comments?post=22710"}],"version-history":[{"count":1,"href":"https:\/\/myesmart.com\/de\/wp-json\/wp\/v2\/posts\/22710\/revisions"}],"predecessor-version":[{"id":97065,"href":"https:\/\/myesmart.com\/de\/wp-json\/wp\/v2\/posts\/22710\/revisions\/97065"}],"wp:featuredmedia":[{"embeddable":true,"href":"https:\/\/myesmart.com\/de\/wp-json\/wp\/v2\/media\/96828"}],"wp:attachment":[{"href":"https:\/\/myesmart.com\/de\/wp-json\/wp\/v2\/media?parent=22710"}],"wp:term":[{"taxonomy":"category","embeddable":true,"href":"https:\/\/myesmart.com\/de\/wp-json\/wp\/v2\/categories?post=22710"},{"taxonomy":"post_tag","embeddable":true,"href":"https:\/\/myesmart.com\/de\/wp-json\/wp\/v2\/tags?post=22710"}],"curies":[{"name":"wp","href":"https:\/\/api.w.org\/{rel}","templated":true}]}}