{"id":22231,"date":"2024-02-14T10:48:58","date_gmt":"2024-02-14T10:48:58","guid":{"rendered":"https:\/\/myesmart.com\/?p=22231"},"modified":"2025-08-19T13:57:48","modified_gmt":"2025-08-19T13:57:48","slug":"treffen-sie-esmart-auf-der-rent-2024-am-mittwoch-den-6-und-donnerstag-den-7-marz","status":"publish","type":"post","link":"https:\/\/myesmart.com\/de\/treffen-sie-esmart-auf-der-rent-2024-am-mittwoch-den-6-und-donnerstag-den-7-marz\/","title":{"rendered":"Treffen Sie eSMART auf der RENT 2024 am Mittwoch, den 6. und Donnerstag, den 7. M\u00e4rz"},"content":{"rendered":"<div>\n<p>eSMART erwartet Sie auf dem gr\u00f6\u00dften B2B-Event f\u00fcr f\u00fchrende Vertreter der Immobilienwirtschaft und Institutionen am Mittwoch, den 6. und Donnerstag, den 7. M\u00e4rz. Nach 4 erfolgreichen Jahren setzt RENT SWISS seinen Aufschwung fort und bietet eine 5\u1d49 Ausgabe, die 2&#8217;500 Fachleute um ein neues Konzept versammeln wird.\u00a0Sie k\u00f6nnen das eSMART-Team an seinem Stand antreffen:<\/p>\n<p><strong>J\u00e9r\u00f4me Ramelet<\/strong><br \/>\neSMART Technologies AG<br \/>\nLeiter Vertrieb &amp; Marketing<br \/>\nMail: jerome.ramelet@myesmart.com<\/p>\n<p><strong>Romain Ygouf<\/strong><br \/>\neSMART Technologies AG<br \/>\nArea Sales Manager Geneva<br \/>\nMail: <a href=\"mailto:romain.ygouf@myesmart.com\">romain.ygouf@myesmart.com<\/a><\/p>\n<p>Auf dem Programm stehen :<\/p>\n<\/div>\n<table>\n<tbody>\n<tr>\n<td><strong>MITTWOCH, 6. M\u00c4RZ<\/strong><\/td>\n<td><strong>DONNERSTAG, 7. M\u00c4RZ<\/strong><\/td>\n<\/tr>\n<tr>\n<td><strong>Ab 9.00 Uhr:<\/strong> \u00d6ffnung der T\u00fcren.<br \/>\nTags\u00fcber wird Verpflegung angeboten.<br \/>\nMedia Corner, HR-Bereich &amp; Expo-Zone<br \/>\n<strong>Ab 10.15 Uhr:<\/strong> Er\u00f6ffnungsansprache des RENT SWISS 2024, Guy Parmelin Bundesrat (digital).<br \/>\n<strong>Ab 10.30 Uhr:<\/strong> Konferenzzyklus (4 Sessions) Thema: &#8222;HR, Herausforderungen &amp; Innovation&#8220;.<br \/>\n<strong>Ab 14.30 Uhr:<\/strong> Konferenzzyklus (4 Sessionen) Thema: &#8222;Digitale Transformation&#8220;.<br \/>\n<strong>Ab 17.00 Uhr:<\/strong> Finale des Innovationspreises<br \/>\n<strong>Ab 18.00 Uhr:<\/strong> Cocktail-Dinner<br \/>\n<strong>Ab 20.00 Uhr:<\/strong> Abschluss des 1\u02b3\u1d49 Tages<\/td>\n<td><strong>Ab 9.00 Uhr:<\/strong> \u00d6ffnung der T\u00fcren.<br \/>\nTags\u00fcber wird Verpflegung angeboten.<br \/>\nMedia Corner, HR-Bereich &amp; Expo-Zone<br \/>\n<strong>Ab 10.00 Uhr:<\/strong> Vorf\u00fchrung des Dokumentarfilms \u00fcber &#8222;Die Herausforderungen der Elektromobilit\u00e4t in der Schweiz&#8220;.<br \/>\n<strong>Ab 10.30 Uhr:<\/strong> Konferenzzyklus (4 Sitzungen) Thema: &#8222;Perspektiven der Investoren&#8220;.<br \/>\n<strong>Ab 14.30 Uhr:<\/strong> Konferenzzyklus (4 Sessions) Thema: &#8222;Dekarbonisierung&#8220;.<br \/>\n<strong>Ab 16.30 Uhr:<\/strong> Abschlusscocktail<br \/>\n<strong>Ab 17.00 Uhr:<\/strong> Ende der Veranstaltung<\/td>\n<\/tr>\n<\/tbody>\n<\/table>\n<p><iframe title=\"vimeo-player\" src=\"https:\/\/player.vimeo.com\/video\/826803296?h=46a7568ea1\" width=\"640\" height=\"360\" frameborder=\"0\" allowfullscreen=\"allowfullscreen\"><\/iframe><\/p>\n<p><strong>F\u00fcr weitere Informationen und um sich anzumelden:<\/strong> <a href=\"https:\/\/www.rem-events.ch\/fr\/c\/Edition-2024-21217\" target=\"_blank\">www.rem-events.ch<\/a><\/p>\n<div id=\"gtx-trans\" style=\"position: absolute; left: 29px; top: 203px;\"><\/div>\n","protected":false},"excerpt":{"rendered":"<p>eSMART erwartet Sie auf dem gr\u00f6\u00dften B2B-Event f\u00fcr f\u00fchrende Vertreter der Immobilienwirtschaft und Institutionen am Mittwoch, den 6. und Donnerstag, den 7. M\u00e4rz. Nach 4 erfolgreichen Jahren setzt RENT SWISS seinen Aufschwung fort und bietet eine 5\u1d49 Ausgabe, die 2&#8217;500 Fachleute um ein neues Konzept versammeln wird.\u00a0Sie k\u00f6nnen das eSMART-Team an seinem Stand antreffen: J\u00e9r\u00f4me&hellip;<\/p>\n","protected":false},"author":2,"featured_media":22204,"comment_status":"open","ping_status":"open","sticky":false,"template":"","format":"standard","meta":{"footnotes":""},"categories":[197,198],"tags":[],"class_list":["post-22231","post","type-post","status-publish","format-standard","has-post-thumbnail","hentry","category-actualite-de","category-evenements-de","category-197","category-198","description-off"],"yoast_head":"<!-- This site is optimized with the Yoast SEO plugin v26.2 - https:\/\/yoast.com\/wordpress\/plugins\/seo\/ -->\n<title>Treffen Sie eSMART auf der RENT 2024 am Mittwoch, den 6. und Donnerstag, den 7. M\u00e4rz - eSMART Technologies<\/title>\n<meta name=\"robots\" content=\"index, follow, max-snippet:-1, max-image-preview:large, max-video-preview:-1\" \/>\n<link rel=\"canonical\" href=\"https:\/\/myesmart.com\/de\/treffen-sie-esmart-auf-der-rent-2024-am-mittwoch-den-6-und-donnerstag-den-7-marz\/\" \/>\n<meta property=\"og:locale\" content=\"de_DE\" \/>\n<meta property=\"og:type\" content=\"article\" \/>\n<meta property=\"og:title\" content=\"Treffen Sie eSMART auf der RENT 2024 am Mittwoch, den 6. und Donnerstag, den 7. M\u00e4rz - eSMART Technologies\" \/>\n<meta property=\"og:description\" content=\"eSMART erwartet Sie auf dem gr\u00f6\u00dften B2B-Event f\u00fcr f\u00fchrende Vertreter der Immobilienwirtschaft und Institutionen am Mittwoch, den 6. und Donnerstag, den 7. M\u00e4rz. Nach 4 erfolgreichen Jahren setzt RENT SWISS seinen Aufschwung fort und bietet eine 5\u1d49 Ausgabe, die 2&#8217;500 Fachleute um ein neues Konzept versammeln wird.\u00a0Sie k\u00f6nnen das eSMART-Team an seinem Stand antreffen: J\u00e9r\u00f4me&hellip;\" \/>\n<meta property=\"og:url\" content=\"https:\/\/myesmart.com\/de\/treffen-sie-esmart-auf-der-rent-2024-am-mittwoch-den-6-und-donnerstag-den-7-marz\/\" \/>\n<meta property=\"og:site_name\" content=\"eSMART Technologies\" \/>\n<meta property=\"article:published_time\" content=\"2024-02-14T10:48:58+00:00\" \/>\n<meta property=\"article:modified_time\" content=\"2025-08-19T13:57:48+00:00\" \/>\n<meta property=\"og:image\" content=\"https:\/\/myesmart.com\/wp-content\/uploads\/2024\/02\/RENT-SWISS-2024-2.png\" \/>\n\t<meta property=\"og:image:width\" content=\"1320\" \/>\n\t<meta property=\"og:image:height\" content=\"550\" \/>\n\t<meta property=\"og:image:type\" content=\"image\/png\" \/>\n<meta name=\"author\" content=\"Thomas Bercht\" \/>\n<meta name=\"twitter:card\" content=\"summary_large_image\" \/>\n<meta name=\"twitter:label1\" content=\"Verfasst von\" \/>\n\t<meta name=\"twitter:data1\" content=\"Thomas Bercht\" \/>\n\t<meta name=\"twitter:label2\" content=\"Gesch\u00e4tzte Lesezeit\" \/>\n\t<meta name=\"twitter:data2\" content=\"1\u00a0Minute\" \/>\n<script type=\"application\/ld+json\" class=\"yoast-schema-graph\">{\"@context\":\"https:\/\/schema.org\",\"@graph\":[{\"@type\":\"Article\",\"@id\":\"https:\/\/myesmart.com\/de\/treffen-sie-esmart-auf-der-rent-2024-am-mittwoch-den-6-und-donnerstag-den-7-marz\/#article\",\"isPartOf\":{\"@id\":\"https:\/\/myesmart.com\/de\/treffen-sie-esmart-auf-der-rent-2024-am-mittwoch-den-6-und-donnerstag-den-7-marz\/\"},\"author\":{\"name\":\"Thomas Bercht\",\"@id\":\"https:\/\/myesmart.com\/de\/#\/schema\/person\/edb5ceb075d89a156356fa30a695d6ef\"},\"headline\":\"Treffen Sie eSMART auf der RENT 2024 am Mittwoch, den 6. und Donnerstag, den 7. M\u00e4rz\",\"datePublished\":\"2024-02-14T10:48:58+00:00\",\"dateModified\":\"2025-08-19T13:57:48+00:00\",\"mainEntityOfPage\":{\"@id\":\"https:\/\/myesmart.com\/de\/treffen-sie-esmart-auf-der-rent-2024-am-mittwoch-den-6-und-donnerstag-den-7-marz\/\"},\"wordCount\":230,\"commentCount\":0,\"publisher\":{\"@id\":\"https:\/\/myesmart.com\/de\/#organization\"},\"image\":{\"@id\":\"https:\/\/myesmart.com\/de\/treffen-sie-esmart-auf-der-rent-2024-am-mittwoch-den-6-und-donnerstag-den-7-marz\/#primaryimage\"},\"thumbnailUrl\":\"https:\/\/myesmart.com\/wp-content\/uploads\/2024\/02\/RENT-SWISS-2024-2.png\",\"articleSection\":[\"Nachrichten @de\",\"Veranstaltungen @de\"],\"inLanguage\":\"de\",\"potentialAction\":[{\"@type\":\"CommentAction\",\"name\":\"Comment\",\"target\":[\"https:\/\/myesmart.com\/de\/treffen-sie-esmart-auf-der-rent-2024-am-mittwoch-den-6-und-donnerstag-den-7-marz\/#respond\"]}]},{\"@type\":\"WebPage\",\"@id\":\"https:\/\/myesmart.com\/de\/treffen-sie-esmart-auf-der-rent-2024-am-mittwoch-den-6-und-donnerstag-den-7-marz\/\",\"url\":\"https:\/\/myesmart.com\/de\/treffen-sie-esmart-auf-der-rent-2024-am-mittwoch-den-6-und-donnerstag-den-7-marz\/\",\"name\":\"Treffen Sie eSMART auf der RENT 2024 am Mittwoch, den 6. und Donnerstag, den 7. M\u00e4rz - eSMART Technologies\",\"isPartOf\":{\"@id\":\"https:\/\/myesmart.com\/de\/#website\"},\"primaryImageOfPage\":{\"@id\":\"https:\/\/myesmart.com\/de\/treffen-sie-esmart-auf-der-rent-2024-am-mittwoch-den-6-und-donnerstag-den-7-marz\/#primaryimage\"},\"image\":{\"@id\":\"https:\/\/myesmart.com\/de\/treffen-sie-esmart-auf-der-rent-2024-am-mittwoch-den-6-und-donnerstag-den-7-marz\/#primaryimage\"},\"thumbnailUrl\":\"https:\/\/myesmart.com\/wp-content\/uploads\/2024\/02\/RENT-SWISS-2024-2.png\",\"datePublished\":\"2024-02-14T10:48:58+00:00\",\"dateModified\":\"2025-08-19T13:57:48+00:00\",\"breadcrumb\":{\"@id\":\"https:\/\/myesmart.com\/de\/treffen-sie-esmart-auf-der-rent-2024-am-mittwoch-den-6-und-donnerstag-den-7-marz\/#breadcrumb\"},\"inLanguage\":\"de\",\"potentialAction\":[{\"@type\":\"ReadAction\",\"target\":[\"https:\/\/myesmart.com\/de\/treffen-sie-esmart-auf-der-rent-2024-am-mittwoch-den-6-und-donnerstag-den-7-marz\/\"]}]},{\"@type\":\"ImageObject\",\"inLanguage\":\"de\",\"@id\":\"https:\/\/myesmart.com\/de\/treffen-sie-esmart-auf-der-rent-2024-am-mittwoch-den-6-und-donnerstag-den-7-marz\/#primaryimage\",\"url\":\"https:\/\/myesmart.com\/wp-content\/uploads\/2024\/02\/RENT-SWISS-2024-2.png\",\"contentUrl\":\"https:\/\/myesmart.com\/wp-content\/uploads\/2024\/02\/RENT-SWISS-2024-2.png\",\"width\":1320,\"height\":550},{\"@type\":\"BreadcrumbList\",\"@id\":\"https:\/\/myesmart.com\/de\/treffen-sie-esmart-auf-der-rent-2024-am-mittwoch-den-6-und-donnerstag-den-7-marz\/#breadcrumb\",\"itemListElement\":[{\"@type\":\"ListItem\",\"position\":1,\"name\":\"Accueil\",\"item\":\"https:\/\/myesmart.com\/\"},{\"@type\":\"ListItem\",\"position\":2,\"name\":\"Treffen Sie eSMART auf der RENT 2024 am Mittwoch, den 6. und Donnerstag, den 7. M\u00e4rz\"}]},{\"@type\":\"WebSite\",\"@id\":\"https:\/\/myesmart.com\/de\/#website\",\"url\":\"https:\/\/myesmart.com\/de\/\",\"name\":\"eSMART Technologies\",\"description\":\"The Swiss leaders of interactive and connected home management and we provide sustainable and smart solutions to buildings so that people can improve the comfort to their daily life.\",\"publisher\":{\"@id\":\"https:\/\/myesmart.com\/de\/#organization\"},\"potentialAction\":[{\"@type\":\"SearchAction\",\"target\":{\"@type\":\"EntryPoint\",\"urlTemplate\":\"https:\/\/myesmart.com\/de\/?s={search_term_string}\"},\"query-input\":{\"@type\":\"PropertyValueSpecification\",\"valueRequired\":true,\"valueName\":\"search_term_string\"}}],\"inLanguage\":\"de\"},{\"@type\":\"Organization\",\"@id\":\"https:\/\/myesmart.com\/de\/#organization\",\"name\":\"eSMART Technologies\",\"url\":\"https:\/\/myesmart.com\/de\/\",\"logo\":{\"@type\":\"ImageObject\",\"inLanguage\":\"de\",\"@id\":\"https:\/\/myesmart.com\/de\/#\/schema\/logo\/image\/\",\"url\":\"https:\/\/myesmart.com\/wp-content\/uploads\/2024\/05\/esmart_logo_rgb_transparent.png\",\"contentUrl\":\"https:\/\/myesmart.com\/wp-content\/uploads\/2024\/05\/esmart_logo_rgb_transparent.png\",\"width\":2362,\"height\":874,\"caption\":\"eSMART Technologies\"},\"image\":{\"@id\":\"https:\/\/myesmart.com\/de\/#\/schema\/logo\/image\/\"},\"sameAs\":[\"https:\/\/www.linkedin.com\/company\/esmart-technologies\/\"]},{\"@type\":\"Person\",\"@id\":\"https:\/\/myesmart.com\/de\/#\/schema\/person\/edb5ceb075d89a156356fa30a695d6ef\",\"name\":\"Thomas Bercht\",\"url\":\"https:\/\/myesmart.com\/de\/author\/thomas-bercht\/\"}]}<\/script>\n<!-- \/ Yoast SEO plugin. -->","yoast_head_json":{"title":"Treffen Sie eSMART auf der RENT 2024 am Mittwoch, den 6. und Donnerstag, den 7. M\u00e4rz - eSMART Technologies","robots":{"index":"index","follow":"follow","max-snippet":"max-snippet:-1","max-image-preview":"max-image-preview:large","max-video-preview":"max-video-preview:-1"},"canonical":"https:\/\/myesmart.com\/de\/treffen-sie-esmart-auf-der-rent-2024-am-mittwoch-den-6-und-donnerstag-den-7-marz\/","og_locale":"de_DE","og_type":"article","og_title":"Treffen Sie eSMART auf der RENT 2024 am Mittwoch, den 6. und Donnerstag, den 7. M\u00e4rz - eSMART Technologies","og_description":"eSMART erwartet Sie auf dem gr\u00f6\u00dften B2B-Event f\u00fcr f\u00fchrende Vertreter der Immobilienwirtschaft und Institutionen am Mittwoch, den 6. und Donnerstag, den 7. M\u00e4rz. Nach 4 erfolgreichen Jahren setzt RENT SWISS seinen Aufschwung fort und bietet eine 5\u1d49 Ausgabe, die 2&#8217;500 Fachleute um ein neues Konzept versammeln wird.\u00a0Sie k\u00f6nnen das eSMART-Team an seinem Stand antreffen: J\u00e9r\u00f4me&hellip;","og_url":"https:\/\/myesmart.com\/de\/treffen-sie-esmart-auf-der-rent-2024-am-mittwoch-den-6-und-donnerstag-den-7-marz\/","og_site_name":"eSMART Technologies","article_published_time":"2024-02-14T10:48:58+00:00","article_modified_time":"2025-08-19T13:57:48+00:00","og_image":[{"width":1320,"height":550,"url":"https:\/\/myesmart.com\/wp-content\/uploads\/2024\/02\/RENT-SWISS-2024-2.png","type":"image\/png"}],"author":"Thomas Bercht","twitter_card":"summary_large_image","twitter_misc":{"Verfasst von":"Thomas Bercht","Gesch\u00e4tzte Lesezeit":"1\u00a0Minute"},"schema":{"@context":"https:\/\/schema.org","@graph":[{"@type":"Article","@id":"https:\/\/myesmart.com\/de\/treffen-sie-esmart-auf-der-rent-2024-am-mittwoch-den-6-und-donnerstag-den-7-marz\/#article","isPartOf":{"@id":"https:\/\/myesmart.com\/de\/treffen-sie-esmart-auf-der-rent-2024-am-mittwoch-den-6-und-donnerstag-den-7-marz\/"},"author":{"name":"Thomas Bercht","@id":"https:\/\/myesmart.com\/de\/#\/schema\/person\/edb5ceb075d89a156356fa30a695d6ef"},"headline":"Treffen Sie eSMART auf der RENT 2024 am Mittwoch, den 6. und Donnerstag, den 7. M\u00e4rz","datePublished":"2024-02-14T10:48:58+00:00","dateModified":"2025-08-19T13:57:48+00:00","mainEntityOfPage":{"@id":"https:\/\/myesmart.com\/de\/treffen-sie-esmart-auf-der-rent-2024-am-mittwoch-den-6-und-donnerstag-den-7-marz\/"},"wordCount":230,"commentCount":0,"publisher":{"@id":"https:\/\/myesmart.com\/de\/#organization"},"image":{"@id":"https:\/\/myesmart.com\/de\/treffen-sie-esmart-auf-der-rent-2024-am-mittwoch-den-6-und-donnerstag-den-7-marz\/#primaryimage"},"thumbnailUrl":"https:\/\/myesmart.com\/wp-content\/uploads\/2024\/02\/RENT-SWISS-2024-2.png","articleSection":["Nachrichten @de","Veranstaltungen @de"],"inLanguage":"de","potentialAction":[{"@type":"CommentAction","name":"Comment","target":["https:\/\/myesmart.com\/de\/treffen-sie-esmart-auf-der-rent-2024-am-mittwoch-den-6-und-donnerstag-den-7-marz\/#respond"]}]},{"@type":"WebPage","@id":"https:\/\/myesmart.com\/de\/treffen-sie-esmart-auf-der-rent-2024-am-mittwoch-den-6-und-donnerstag-den-7-marz\/","url":"https:\/\/myesmart.com\/de\/treffen-sie-esmart-auf-der-rent-2024-am-mittwoch-den-6-und-donnerstag-den-7-marz\/","name":"Treffen Sie eSMART auf der RENT 2024 am Mittwoch, den 6. und Donnerstag, den 7. M\u00e4rz - eSMART Technologies","isPartOf":{"@id":"https:\/\/myesmart.com\/de\/#website"},"primaryImageOfPage":{"@id":"https:\/\/myesmart.com\/de\/treffen-sie-esmart-auf-der-rent-2024-am-mittwoch-den-6-und-donnerstag-den-7-marz\/#primaryimage"},"image":{"@id":"https:\/\/myesmart.com\/de\/treffen-sie-esmart-auf-der-rent-2024-am-mittwoch-den-6-und-donnerstag-den-7-marz\/#primaryimage"},"thumbnailUrl":"https:\/\/myesmart.com\/wp-content\/uploads\/2024\/02\/RENT-SWISS-2024-2.png","datePublished":"2024-02-14T10:48:58+00:00","dateModified":"2025-08-19T13:57:48+00:00","breadcrumb":{"@id":"https:\/\/myesmart.com\/de\/treffen-sie-esmart-auf-der-rent-2024-am-mittwoch-den-6-und-donnerstag-den-7-marz\/#breadcrumb"},"inLanguage":"de","potentialAction":[{"@type":"ReadAction","target":["https:\/\/myesmart.com\/de\/treffen-sie-esmart-auf-der-rent-2024-am-mittwoch-den-6-und-donnerstag-den-7-marz\/"]}]},{"@type":"ImageObject","inLanguage":"de","@id":"https:\/\/myesmart.com\/de\/treffen-sie-esmart-auf-der-rent-2024-am-mittwoch-den-6-und-donnerstag-den-7-marz\/#primaryimage","url":"https:\/\/myesmart.com\/wp-content\/uploads\/2024\/02\/RENT-SWISS-2024-2.png","contentUrl":"https:\/\/myesmart.com\/wp-content\/uploads\/2024\/02\/RENT-SWISS-2024-2.png","width":1320,"height":550},{"@type":"BreadcrumbList","@id":"https:\/\/myesmart.com\/de\/treffen-sie-esmart-auf-der-rent-2024-am-mittwoch-den-6-und-donnerstag-den-7-marz\/#breadcrumb","itemListElement":[{"@type":"ListItem","position":1,"name":"Accueil","item":"https:\/\/myesmart.com\/"},{"@type":"ListItem","position":2,"name":"Treffen Sie eSMART auf der RENT 2024 am Mittwoch, den 6. und Donnerstag, den 7. M\u00e4rz"}]},{"@type":"WebSite","@id":"https:\/\/myesmart.com\/de\/#website","url":"https:\/\/myesmart.com\/de\/","name":"eSMART Technologies","description":"The Swiss leaders of interactive and connected home management and we provide sustainable and smart solutions to buildings so that people can improve the comfort to their daily life.","publisher":{"@id":"https:\/\/myesmart.com\/de\/#organization"},"potentialAction":[{"@type":"SearchAction","target":{"@type":"EntryPoint","urlTemplate":"https:\/\/myesmart.com\/de\/?s={search_term_string}"},"query-input":{"@type":"PropertyValueSpecification","valueRequired":true,"valueName":"search_term_string"}}],"inLanguage":"de"},{"@type":"Organization","@id":"https:\/\/myesmart.com\/de\/#organization","name":"eSMART Technologies","url":"https:\/\/myesmart.com\/de\/","logo":{"@type":"ImageObject","inLanguage":"de","@id":"https:\/\/myesmart.com\/de\/#\/schema\/logo\/image\/","url":"https:\/\/myesmart.com\/wp-content\/uploads\/2024\/05\/esmart_logo_rgb_transparent.png","contentUrl":"https:\/\/myesmart.com\/wp-content\/uploads\/2024\/05\/esmart_logo_rgb_transparent.png","width":2362,"height":874,"caption":"eSMART Technologies"},"image":{"@id":"https:\/\/myesmart.com\/de\/#\/schema\/logo\/image\/"},"sameAs":["https:\/\/www.linkedin.com\/company\/esmart-technologies\/"]},{"@type":"Person","@id":"https:\/\/myesmart.com\/de\/#\/schema\/person\/edb5ceb075d89a156356fa30a695d6ef","name":"Thomas Bercht","url":"https:\/\/myesmart.com\/de\/author\/thomas-bercht\/"}]}},"_links":{"self":[{"href":"https:\/\/myesmart.com\/de\/wp-json\/wp\/v2\/posts\/22231","targetHints":{"allow":["GET"]}}],"collection":[{"href":"https:\/\/myesmart.com\/de\/wp-json\/wp\/v2\/posts"}],"about":[{"href":"https:\/\/myesmart.com\/de\/wp-json\/wp\/v2\/types\/post"}],"author":[{"embeddable":true,"href":"https:\/\/myesmart.com\/de\/wp-json\/wp\/v2\/users\/2"}],"replies":[{"embeddable":true,"href":"https:\/\/myesmart.com\/de\/wp-json\/wp\/v2\/comments?post=22231"}],"version-history":[{"count":1,"href":"https:\/\/myesmart.com\/de\/wp-json\/wp\/v2\/posts\/22231\/revisions"}],"predecessor-version":[{"id":97086,"href":"https:\/\/myesmart.com\/de\/wp-json\/wp\/v2\/posts\/22231\/revisions\/97086"}],"wp:featuredmedia":[{"embeddable":true,"href":"https:\/\/myesmart.com\/de\/wp-json\/wp\/v2\/media\/22204"}],"wp:attachment":[{"href":"https:\/\/myesmart.com\/de\/wp-json\/wp\/v2\/media?parent=22231"}],"wp:term":[{"taxonomy":"category","embeddable":true,"href":"https:\/\/myesmart.com\/de\/wp-json\/wp\/v2\/categories?post=22231"},{"taxonomy":"post_tag","embeddable":true,"href":"https:\/\/myesmart.com\/de\/wp-json\/wp\/v2\/tags?post=22231"}],"curies":[{"name":"wp","href":"https:\/\/api.w.org\/{rel}","templated":true}]}}