{"id":21673,"date":"2023-09-25T15:35:19","date_gmt":"2023-09-25T15:35:19","guid":{"rendered":"https:\/\/myesmart.com\/?p=21673"},"modified":"2025-08-19T15:34:02","modified_gmt":"2025-08-19T15:34:02","slug":"esmart-nimmt-an-den-energy-future-days-vom-23-bis-26-november-2023-teil","status":"publish","type":"post","link":"https:\/\/myesmart.com\/de\/esmart-nimmt-an-den-energy-future-days-vom-23-bis-26-november-2023-teil\/","title":{"rendered":"eSMART nimmt an den Energy Gala Dinner am 16. November 2023 teil"},"content":{"rendered":"<p>Nehmen Sie noch heute am 3. VIP-Netzwerkabend im Anschluss an die Energy Future Days teil!<\/p>\n<p>Der Networking-Abend der 3. Energy Future Days &#8222;Gala Dinner&#8220; findet am 16. November im Kursaal Bern statt! Das beliebte Netzwerkformat ist in den letzten zwei Jahren stark gewachsen und wird als wichtiger Treffpunkt der Energie-, Bau- und Geb\u00e4udetechnikbranche sehr gesch\u00e4tzt. Der Networking-Abend verbindet Politik, Beh\u00f6rden, Bildung, Forschung und Wirtschaft und f\u00f6rdert den aktiven Dialog zwischen den Stakeholdern.<br \/>\nEs werden bis zu 900 hochrangige G\u00e4ste erwartet.<br \/>\nMit \u00fcber 14&#8217;000 Besuchern waren die 2. Energy Future Days ein grosser Erfolg. Die gr\u00f6sste Energiemesse im Mittelland bot ein vielf\u00e4ltiges Programm mit 19 Themenforen, 38 Ausstellern sowie diversen hochkar\u00e4tigen G\u00e4sten. Unglaubliche 500.000 Radioh\u00f6rer und \u00fcber 3,5 Millionen Kontakte wurden \u00fcber verschiedenste Medien erreicht und f\u00fcr das Thema Nachhaltigkeit sensibilisiert.<\/p>\n<p>Ist Ihnen Ihre Zukunft und die der zuk\u00fcnftigen Generationen wichtig? M\u00f6chten Sie wissen, wie Sie Ihren eigenen Wohnraum noch effizienter gestalten k\u00f6nnen? Oder m\u00f6chten Sie als Vermieter oder Investor Ihren Mietern die M\u00f6glichkeit geben, ihren Energieverbrauch selbst in die Hand zu nehmen?<\/p>\n<p><strong>M\u00f6chten Sie die Expo der Energy Future Days besuchen?<\/strong><\/p>\n<p>Die Energy Future Days finden vom 23. bis 26. November 2023 rund um die Messe Hausbau+Energie in der BERNEXPO statt. Ziel in diesem Jahr ist es, noch mehr Wissen zu vermitteln und zus\u00e4tzliche Menschen zu erreichen, um die Energiewende voranzutreiben. Zu diesem Zweck werden 15 spannende Foren zu aktuellen Energiethemen veranstaltet. Zudem werden mindestens 50 Aussteller vor Ort sein, um den CO2-neutralen Geb\u00e4udebestand noch umfassender in den Fokus zu r\u00fccken.<\/p>\n<h3 style=\"text-align: justify;\">ENERGY GALA DINNER | 16.11.2023<br \/>\nENERGY FUTURE DAYS | 23. -26.11.2023<\/h3>\n<p><a href=\"https:\/\/energie-cluster.ch\/fr\/evenements\/energy-future-days\/\" target=\"_blank\">www.energie-cluster.ch<\/a><\/p>\n<p style=\"text-align: left;\">\n<p><img decoding=\"async\" class=\"alignleft wp-image-20877\" src=\"https:\/\/myesmart.com\/wp-content\/uploads\/2022\/10\/thomas_grunder2.png\" alt=\"\" width=\"120\" height=\"142\" \/>Thomas Grunder<br \/>\nArea Sales Manager Bern<\/p>\n<p>&nbsp;<\/p>\n<p>&nbsp;<\/p>\n<p>&nbsp;<\/p>\n<p>&nbsp;<\/p>\n<p><img decoding=\"async\" class=\"wp-image-20847 alignleft\" src=\"https:\/\/myesmart.com\/v2\/wp-content\/uploads\/2022\/10\/mirco_deconto.jpg\" alt=\"mirco_deconto\" width=\"120\" height=\"142\" \/>Mirco De Conto<br \/>\nSenior Sales Manager Swiss German<\/p>\n<p>&nbsp;<\/p>\n<p>&nbsp;<\/p>\n<p>&nbsp;<\/p>\n<p>&nbsp;<\/p>\n<p><img decoding=\"async\" class=\"wp-image-20849 alignleft\" src=\"https:\/\/myesmart.com\/v2\/wp-content\/uploads\/2022\/10\/rafael_belda.jpg\" alt=\"rafael_belda\" width=\"120\" height=\"142\" \/>Rafael Belda<br \/>\nArea Sales Manager East CH<\/p>\n<p>&nbsp;<\/p>\n<p>&nbsp;<\/p>\n<p>&nbsp;<\/p>\n<p>&nbsp;<\/p>\n<p><img loading=\"lazy\" decoding=\"async\" class=\"wp-image-20848 alignleft\" src=\"https:\/\/myesmart.com\/v2\/wp-content\/uploads\/2022\/10\/pat_widmer.jpg\" alt=\"pat_widmer\" width=\"120\" height=\"142\" \/>Pat Widmer<br \/>\nArea Sales Manager Z\u00fcrich<\/p>\n<p>&nbsp;<\/p>\n<p>&nbsp;<\/p>\n<p>&nbsp;<\/p>\n<p>&nbsp;<\/p>\n<p><img loading=\"lazy\" decoding=\"async\" class=\"wp-image-20846 alignleft\" src=\"https:\/\/myesmart.com\/v2\/wp-content\/uploads\/2022\/10\/marcel_rohrer.jpg\" alt=\"marcel_rohrer\" width=\"120\" height=\"142\" \/>Marcel Rohrer<br \/>\nArea Sales Manager Central CH<\/p>\n<p>&nbsp;<\/p>\n<p>&nbsp;<\/p>\n<p>&nbsp;<\/p>\n<p>&nbsp;<\/p>\n<p><a class=\"dt-single-image\" href=\"https:\/\/myesmart.com\/v2\/wp-content\/uploads\/2023\/09\/Markus-H..jpg\" rel=\"attachment wp-att-21668\" data-dt-img-description=\"\"><img loading=\"lazy\" decoding=\"async\" class=\"size-full wp-image-21668 alignleft\" src=\"https:\/\/myesmart.com\/v2\/wp-content\/uploads\/2023\/09\/Markus-H..jpg\" alt=\"Markus H.\" width=\"128\" height=\"158\" \/><\/a><\/p>\n<p>Markus Heri<br \/>\nTechnical Sales Manager Central CH &amp; Z\u00fcrich<\/p>\n<p>&nbsp;<\/p>\n<p>&nbsp;<\/p>\n<p>&nbsp;<\/p>\n<p>&nbsp;<\/p>\n<p>&nbsp;<\/p>\n<p><img loading=\"lazy\" decoding=\"async\" class=\"wp-image-20845 alignleft\" src=\"https:\/\/myesmart.com\/v2\/wp-content\/uploads\/2022\/10\/jerome_ramelet.jpg\" alt=\"jerome_ramelet\" width=\"120\" height=\"142\" \/>J\u00e9r\u00f4me Ramelet<br \/>\nChief Sales and Marketing Officer<\/p>\n<p>&nbsp;<\/p>\n<p>&nbsp;<\/p>\n<p>&nbsp;<\/p>\n<p>&nbsp;<\/p>\n","protected":false},"excerpt":{"rendered":"<p>Nehmen Sie noch heute am 3. VIP-Netzwerkabend im Anschluss an die Energy Future Days teil! Der Networking-Abend der 3. Energy Future Days &#8222;Gala Dinner&#8220; findet am 16. November im Kursaal Bern statt! Das beliebte Netzwerkformat ist in den letzten zwei Jahren stark gewachsen und wird als wichtiger Treffpunkt der Energie-, Bau- und Geb\u00e4udetechnikbranche sehr gesch\u00e4tzt.&hellip;<\/p>\n","protected":false},"author":2,"featured_media":97439,"comment_status":"open","ping_status":"open","sticky":false,"template":"","format":"standard","meta":{"footnotes":""},"categories":[357,413,197,198],"tags":[],"class_list":["post-21673","post","type-post","status-publish","format-standard","has-post-thumbnail","hentry","category-aktuelles","category-evenements-2","category-actualite-de","category-evenements-de","category-357","category-413","category-197","category-198","description-off"],"yoast_head":"<!-- This site is optimized with the Yoast SEO plugin v26.2 - https:\/\/yoast.com\/wordpress\/plugins\/seo\/ -->\n<title>eSMART nimmt an den Energy Gala Dinner am 16. November 2023 teil - eSMART Technologies<\/title>\n<meta name=\"robots\" content=\"index, follow, max-snippet:-1, max-image-preview:large, max-video-preview:-1\" \/>\n<link rel=\"canonical\" href=\"https:\/\/myesmart.com\/de\/esmart-nimmt-an-den-energy-future-days-vom-23-bis-26-november-2023-teil\/\" \/>\n<meta property=\"og:locale\" content=\"de_DE\" \/>\n<meta property=\"og:type\" content=\"article\" \/>\n<meta property=\"og:title\" content=\"eSMART nimmt an den Energy Gala Dinner am 16. November 2023 teil - eSMART Technologies\" \/>\n<meta property=\"og:description\" content=\"Nehmen Sie noch heute am 3. VIP-Netzwerkabend im Anschluss an die Energy Future Days teil! Der Networking-Abend der 3. Energy Future Days &#8222;Gala Dinner&#8220; findet am 16. November im Kursaal Bern statt! Das beliebte Netzwerkformat ist in den letzten zwei Jahren stark gewachsen und wird als wichtiger Treffpunkt der Energie-, Bau- und Geb\u00e4udetechnikbranche sehr gesch\u00e4tzt.&hellip;\" \/>\n<meta property=\"og:url\" content=\"https:\/\/myesmart.com\/de\/esmart-nimmt-an-den-energy-future-days-vom-23-bis-26-november-2023-teil\/\" \/>\n<meta property=\"og:site_name\" content=\"eSMART Technologies\" \/>\n<meta property=\"article:published_time\" content=\"2023-09-25T15:35:19+00:00\" \/>\n<meta property=\"article:modified_time\" content=\"2025-08-19T15:34:02+00:00\" \/>\n<meta property=\"og:image\" content=\"https:\/\/myesmart.com\/wp-content\/uploads\/2025\/08\/eSMART_EnergyFutureDays23_2.png\" \/>\n\t<meta property=\"og:image:width\" content=\"1320\" \/>\n\t<meta property=\"og:image:height\" content=\"550\" \/>\n\t<meta property=\"og:image:type\" content=\"image\/png\" \/>\n<meta name=\"author\" content=\"Thomas Bercht\" \/>\n<meta name=\"twitter:card\" content=\"summary_large_image\" \/>\n<meta name=\"twitter:label1\" content=\"Verfasst von\" \/>\n\t<meta name=\"twitter:data1\" content=\"Thomas Bercht\" \/>\n\t<meta name=\"twitter:label2\" content=\"Gesch\u00e4tzte Lesezeit\" \/>\n\t<meta name=\"twitter:data2\" content=\"2\u00a0Minuten\" \/>\n<script type=\"application\/ld+json\" class=\"yoast-schema-graph\">{\"@context\":\"https:\/\/schema.org\",\"@graph\":[{\"@type\":\"Article\",\"@id\":\"https:\/\/myesmart.com\/de\/esmart-nimmt-an-den-energy-future-days-vom-23-bis-26-november-2023-teil\/#article\",\"isPartOf\":{\"@id\":\"https:\/\/myesmart.com\/de\/esmart-nimmt-an-den-energy-future-days-vom-23-bis-26-november-2023-teil\/\"},\"author\":{\"name\":\"Thomas Bercht\",\"@id\":\"https:\/\/myesmart.com\/de\/#\/schema\/person\/edb5ceb075d89a156356fa30a695d6ef\"},\"headline\":\"eSMART nimmt an den Energy Gala Dinner am 16. November 2023 teil\",\"datePublished\":\"2023-09-25T15:35:19+00:00\",\"dateModified\":\"2025-08-19T15:34:02+00:00\",\"mainEntityOfPage\":{\"@id\":\"https:\/\/myesmart.com\/de\/esmart-nimmt-an-den-energy-future-days-vom-23-bis-26-november-2023-teil\/\"},\"wordCount\":361,\"commentCount\":0,\"publisher\":{\"@id\":\"https:\/\/myesmart.com\/de\/#organization\"},\"image\":{\"@id\":\"https:\/\/myesmart.com\/de\/esmart-nimmt-an-den-energy-future-days-vom-23-bis-26-november-2023-teil\/#primaryimage\"},\"thumbnailUrl\":\"https:\/\/myesmart.com\/wp-content\/uploads\/2025\/08\/eSMART_EnergyFutureDays23_2.png\",\"articleSection\":[\"Aktuelles\",\"Ev\u00e9nements\",\"Nachrichten @de\",\"Veranstaltungen @de\"],\"inLanguage\":\"de\",\"potentialAction\":[{\"@type\":\"CommentAction\",\"name\":\"Comment\",\"target\":[\"https:\/\/myesmart.com\/de\/esmart-nimmt-an-den-energy-future-days-vom-23-bis-26-november-2023-teil\/#respond\"]}]},{\"@type\":\"WebPage\",\"@id\":\"https:\/\/myesmart.com\/de\/esmart-nimmt-an-den-energy-future-days-vom-23-bis-26-november-2023-teil\/\",\"url\":\"https:\/\/myesmart.com\/de\/esmart-nimmt-an-den-energy-future-days-vom-23-bis-26-november-2023-teil\/\",\"name\":\"eSMART nimmt an den Energy Gala Dinner am 16. November 2023 teil - eSMART Technologies\",\"isPartOf\":{\"@id\":\"https:\/\/myesmart.com\/de\/#website\"},\"primaryImageOfPage\":{\"@id\":\"https:\/\/myesmart.com\/de\/esmart-nimmt-an-den-energy-future-days-vom-23-bis-26-november-2023-teil\/#primaryimage\"},\"image\":{\"@id\":\"https:\/\/myesmart.com\/de\/esmart-nimmt-an-den-energy-future-days-vom-23-bis-26-november-2023-teil\/#primaryimage\"},\"thumbnailUrl\":\"https:\/\/myesmart.com\/wp-content\/uploads\/2025\/08\/eSMART_EnergyFutureDays23_2.png\",\"datePublished\":\"2023-09-25T15:35:19+00:00\",\"dateModified\":\"2025-08-19T15:34:02+00:00\",\"breadcrumb\":{\"@id\":\"https:\/\/myesmart.com\/de\/esmart-nimmt-an-den-energy-future-days-vom-23-bis-26-november-2023-teil\/#breadcrumb\"},\"inLanguage\":\"de\",\"potentialAction\":[{\"@type\":\"ReadAction\",\"target\":[\"https:\/\/myesmart.com\/de\/esmart-nimmt-an-den-energy-future-days-vom-23-bis-26-november-2023-teil\/\"]}]},{\"@type\":\"ImageObject\",\"inLanguage\":\"de\",\"@id\":\"https:\/\/myesmart.com\/de\/esmart-nimmt-an-den-energy-future-days-vom-23-bis-26-november-2023-teil\/#primaryimage\",\"url\":\"https:\/\/myesmart.com\/wp-content\/uploads\/2025\/08\/eSMART_EnergyFutureDays23_2.png\",\"contentUrl\":\"https:\/\/myesmart.com\/wp-content\/uploads\/2025\/08\/eSMART_EnergyFutureDays23_2.png\",\"width\":1320,\"height\":550},{\"@type\":\"BreadcrumbList\",\"@id\":\"https:\/\/myesmart.com\/de\/esmart-nimmt-an-den-energy-future-days-vom-23-bis-26-november-2023-teil\/#breadcrumb\",\"itemListElement\":[{\"@type\":\"ListItem\",\"position\":1,\"name\":\"Accueil\",\"item\":\"https:\/\/myesmart.com\/\"},{\"@type\":\"ListItem\",\"position\":2,\"name\":\"eSMART nimmt an den Energy Gala Dinner am 16. November 2023 teil\"}]},{\"@type\":\"WebSite\",\"@id\":\"https:\/\/myesmart.com\/de\/#website\",\"url\":\"https:\/\/myesmart.com\/de\/\",\"name\":\"eSMART Technologies\",\"description\":\"The Swiss leaders of interactive and connected home management and we provide sustainable and smart solutions to buildings so that people can improve the comfort to their daily life.\",\"publisher\":{\"@id\":\"https:\/\/myesmart.com\/de\/#organization\"},\"potentialAction\":[{\"@type\":\"SearchAction\",\"target\":{\"@type\":\"EntryPoint\",\"urlTemplate\":\"https:\/\/myesmart.com\/de\/?s={search_term_string}\"},\"query-input\":{\"@type\":\"PropertyValueSpecification\",\"valueRequired\":true,\"valueName\":\"search_term_string\"}}],\"inLanguage\":\"de\"},{\"@type\":\"Organization\",\"@id\":\"https:\/\/myesmart.com\/de\/#organization\",\"name\":\"eSMART Technologies\",\"url\":\"https:\/\/myesmart.com\/de\/\",\"logo\":{\"@type\":\"ImageObject\",\"inLanguage\":\"de\",\"@id\":\"https:\/\/myesmart.com\/de\/#\/schema\/logo\/image\/\",\"url\":\"https:\/\/myesmart.com\/wp-content\/uploads\/2024\/05\/esmart_logo_rgb_transparent.png\",\"contentUrl\":\"https:\/\/myesmart.com\/wp-content\/uploads\/2024\/05\/esmart_logo_rgb_transparent.png\",\"width\":2362,\"height\":874,\"caption\":\"eSMART Technologies\"},\"image\":{\"@id\":\"https:\/\/myesmart.com\/de\/#\/schema\/logo\/image\/\"},\"sameAs\":[\"https:\/\/www.linkedin.com\/company\/esmart-technologies\/\"]},{\"@type\":\"Person\",\"@id\":\"https:\/\/myesmart.com\/de\/#\/schema\/person\/edb5ceb075d89a156356fa30a695d6ef\",\"name\":\"Thomas Bercht\",\"url\":\"https:\/\/myesmart.com\/de\/author\/thomas-bercht\/\"}]}<\/script>\n<!-- \/ Yoast SEO plugin. -->","yoast_head_json":{"title":"eSMART nimmt an den Energy Gala Dinner am 16. November 2023 teil - eSMART Technologies","robots":{"index":"index","follow":"follow","max-snippet":"max-snippet:-1","max-image-preview":"max-image-preview:large","max-video-preview":"max-video-preview:-1"},"canonical":"https:\/\/myesmart.com\/de\/esmart-nimmt-an-den-energy-future-days-vom-23-bis-26-november-2023-teil\/","og_locale":"de_DE","og_type":"article","og_title":"eSMART nimmt an den Energy Gala Dinner am 16. November 2023 teil - eSMART Technologies","og_description":"Nehmen Sie noch heute am 3. VIP-Netzwerkabend im Anschluss an die Energy Future Days teil! Der Networking-Abend der 3. Energy Future Days &#8222;Gala Dinner&#8220; findet am 16. November im Kursaal Bern statt! Das beliebte Netzwerkformat ist in den letzten zwei Jahren stark gewachsen und wird als wichtiger Treffpunkt der Energie-, Bau- und Geb\u00e4udetechnikbranche sehr gesch\u00e4tzt.&hellip;","og_url":"https:\/\/myesmart.com\/de\/esmart-nimmt-an-den-energy-future-days-vom-23-bis-26-november-2023-teil\/","og_site_name":"eSMART Technologies","article_published_time":"2023-09-25T15:35:19+00:00","article_modified_time":"2025-08-19T15:34:02+00:00","og_image":[{"width":1320,"height":550,"url":"https:\/\/myesmart.com\/wp-content\/uploads\/2025\/08\/eSMART_EnergyFutureDays23_2.png","type":"image\/png"}],"author":"Thomas Bercht","twitter_card":"summary_large_image","twitter_misc":{"Verfasst von":"Thomas Bercht","Gesch\u00e4tzte Lesezeit":"2\u00a0Minuten"},"schema":{"@context":"https:\/\/schema.org","@graph":[{"@type":"Article","@id":"https:\/\/myesmart.com\/de\/esmart-nimmt-an-den-energy-future-days-vom-23-bis-26-november-2023-teil\/#article","isPartOf":{"@id":"https:\/\/myesmart.com\/de\/esmart-nimmt-an-den-energy-future-days-vom-23-bis-26-november-2023-teil\/"},"author":{"name":"Thomas Bercht","@id":"https:\/\/myesmart.com\/de\/#\/schema\/person\/edb5ceb075d89a156356fa30a695d6ef"},"headline":"eSMART nimmt an den Energy Gala Dinner am 16. November 2023 teil","datePublished":"2023-09-25T15:35:19+00:00","dateModified":"2025-08-19T15:34:02+00:00","mainEntityOfPage":{"@id":"https:\/\/myesmart.com\/de\/esmart-nimmt-an-den-energy-future-days-vom-23-bis-26-november-2023-teil\/"},"wordCount":361,"commentCount":0,"publisher":{"@id":"https:\/\/myesmart.com\/de\/#organization"},"image":{"@id":"https:\/\/myesmart.com\/de\/esmart-nimmt-an-den-energy-future-days-vom-23-bis-26-november-2023-teil\/#primaryimage"},"thumbnailUrl":"https:\/\/myesmart.com\/wp-content\/uploads\/2025\/08\/eSMART_EnergyFutureDays23_2.png","articleSection":["Aktuelles","Ev\u00e9nements","Nachrichten @de","Veranstaltungen @de"],"inLanguage":"de","potentialAction":[{"@type":"CommentAction","name":"Comment","target":["https:\/\/myesmart.com\/de\/esmart-nimmt-an-den-energy-future-days-vom-23-bis-26-november-2023-teil\/#respond"]}]},{"@type":"WebPage","@id":"https:\/\/myesmart.com\/de\/esmart-nimmt-an-den-energy-future-days-vom-23-bis-26-november-2023-teil\/","url":"https:\/\/myesmart.com\/de\/esmart-nimmt-an-den-energy-future-days-vom-23-bis-26-november-2023-teil\/","name":"eSMART nimmt an den Energy Gala Dinner am 16. November 2023 teil - eSMART Technologies","isPartOf":{"@id":"https:\/\/myesmart.com\/de\/#website"},"primaryImageOfPage":{"@id":"https:\/\/myesmart.com\/de\/esmart-nimmt-an-den-energy-future-days-vom-23-bis-26-november-2023-teil\/#primaryimage"},"image":{"@id":"https:\/\/myesmart.com\/de\/esmart-nimmt-an-den-energy-future-days-vom-23-bis-26-november-2023-teil\/#primaryimage"},"thumbnailUrl":"https:\/\/myesmart.com\/wp-content\/uploads\/2025\/08\/eSMART_EnergyFutureDays23_2.png","datePublished":"2023-09-25T15:35:19+00:00","dateModified":"2025-08-19T15:34:02+00:00","breadcrumb":{"@id":"https:\/\/myesmart.com\/de\/esmart-nimmt-an-den-energy-future-days-vom-23-bis-26-november-2023-teil\/#breadcrumb"},"inLanguage":"de","potentialAction":[{"@type":"ReadAction","target":["https:\/\/myesmart.com\/de\/esmart-nimmt-an-den-energy-future-days-vom-23-bis-26-november-2023-teil\/"]}]},{"@type":"ImageObject","inLanguage":"de","@id":"https:\/\/myesmart.com\/de\/esmart-nimmt-an-den-energy-future-days-vom-23-bis-26-november-2023-teil\/#primaryimage","url":"https:\/\/myesmart.com\/wp-content\/uploads\/2025\/08\/eSMART_EnergyFutureDays23_2.png","contentUrl":"https:\/\/myesmart.com\/wp-content\/uploads\/2025\/08\/eSMART_EnergyFutureDays23_2.png","width":1320,"height":550},{"@type":"BreadcrumbList","@id":"https:\/\/myesmart.com\/de\/esmart-nimmt-an-den-energy-future-days-vom-23-bis-26-november-2023-teil\/#breadcrumb","itemListElement":[{"@type":"ListItem","position":1,"name":"Accueil","item":"https:\/\/myesmart.com\/"},{"@type":"ListItem","position":2,"name":"eSMART nimmt an den Energy Gala Dinner am 16. November 2023 teil"}]},{"@type":"WebSite","@id":"https:\/\/myesmart.com\/de\/#website","url":"https:\/\/myesmart.com\/de\/","name":"eSMART Technologies","description":"The Swiss leaders of interactive and connected home management and we provide sustainable and smart solutions to buildings so that people can improve the comfort to their daily life.","publisher":{"@id":"https:\/\/myesmart.com\/de\/#organization"},"potentialAction":[{"@type":"SearchAction","target":{"@type":"EntryPoint","urlTemplate":"https:\/\/myesmart.com\/de\/?s={search_term_string}"},"query-input":{"@type":"PropertyValueSpecification","valueRequired":true,"valueName":"search_term_string"}}],"inLanguage":"de"},{"@type":"Organization","@id":"https:\/\/myesmart.com\/de\/#organization","name":"eSMART Technologies","url":"https:\/\/myesmart.com\/de\/","logo":{"@type":"ImageObject","inLanguage":"de","@id":"https:\/\/myesmart.com\/de\/#\/schema\/logo\/image\/","url":"https:\/\/myesmart.com\/wp-content\/uploads\/2024\/05\/esmart_logo_rgb_transparent.png","contentUrl":"https:\/\/myesmart.com\/wp-content\/uploads\/2024\/05\/esmart_logo_rgb_transparent.png","width":2362,"height":874,"caption":"eSMART Technologies"},"image":{"@id":"https:\/\/myesmart.com\/de\/#\/schema\/logo\/image\/"},"sameAs":["https:\/\/www.linkedin.com\/company\/esmart-technologies\/"]},{"@type":"Person","@id":"https:\/\/myesmart.com\/de\/#\/schema\/person\/edb5ceb075d89a156356fa30a695d6ef","name":"Thomas Bercht","url":"https:\/\/myesmart.com\/de\/author\/thomas-bercht\/"}]}},"_links":{"self":[{"href":"https:\/\/myesmart.com\/de\/wp-json\/wp\/v2\/posts\/21673","targetHints":{"allow":["GET"]}}],"collection":[{"href":"https:\/\/myesmart.com\/de\/wp-json\/wp\/v2\/posts"}],"about":[{"href":"https:\/\/myesmart.com\/de\/wp-json\/wp\/v2\/types\/post"}],"author":[{"embeddable":true,"href":"https:\/\/myesmart.com\/de\/wp-json\/wp\/v2\/users\/2"}],"replies":[{"embeddable":true,"href":"https:\/\/myesmart.com\/de\/wp-json\/wp\/v2\/comments?post=21673"}],"version-history":[{"count":1,"href":"https:\/\/myesmart.com\/de\/wp-json\/wp\/v2\/posts\/21673\/revisions"}],"predecessor-version":[{"id":97193,"href":"https:\/\/myesmart.com\/de\/wp-json\/wp\/v2\/posts\/21673\/revisions\/97193"}],"wp:featuredmedia":[{"embeddable":true,"href":"https:\/\/myesmart.com\/de\/wp-json\/wp\/v2\/media\/97439"}],"wp:attachment":[{"href":"https:\/\/myesmart.com\/de\/wp-json\/wp\/v2\/media?parent=21673"}],"wp:term":[{"taxonomy":"category","embeddable":true,"href":"https:\/\/myesmart.com\/de\/wp-json\/wp\/v2\/categories?post=21673"},{"taxonomy":"post_tag","embeddable":true,"href":"https:\/\/myesmart.com\/de\/wp-json\/wp\/v2\/tags?post=21673"}],"curies":[{"name":"wp","href":"https:\/\/api.w.org\/{rel}","templated":true}]}}