{"id":21642,"date":"2023-09-20T14:42:50","date_gmt":"2023-09-20T14:42:50","guid":{"rendered":"https:\/\/myesmart.com\/?p=21642"},"modified":"2025-08-19T15:34:01","modified_gmt":"2025-08-19T15:34:01","slug":"jerome-ramelet-als-redner-am-28-september-2023-bei-der-fmpro-veranstaltung","status":"publish","type":"post","link":"https:\/\/myesmart.com\/de\/jerome-ramelet-als-redner-am-28-september-2023-bei-der-fmpro-veranstaltung\/","title":{"rendered":"Jerome Ramelet als Redner am 28. September 2023 bei der fmpro-Veranstaltung"},"content":{"rendered":"<p style=\"text-align: justify;\"><strong>fmpro<\/strong> richtet sich an Fach- und F\u00fchrungskr\u00e4fte, die in Unternehmen eine Funktion als Facility Manager und Instandhalter wahrnehmen. Die regionale und thematische Vernetzung sowie der Erfahrungsaustausch geh\u00f6ren zu den wichtigsten Aktivit\u00e4ten von <strong>fmpro<\/strong>. Jedes Jahr bietet<strong> fmpro<\/strong> \u00fcber 30 Veranstaltungen an. Das Angebot umfasst wiederkehrende freie Netzwerkformate sowie Einzelveranstaltungen mit Besichtigungen, Einf\u00fchrungsreferaten und Networking-Aktivit\u00e4ten. F\u00fcr die n\u00e4chste Veranstaltung am 28. September finden Sie unter den verschiedenen Referenten J\u00e9r\u00f4me Ramelet, Marketingleiter und Partner bei eSMART, zum Thema &#8222;Das vernetzte Geb\u00e4ude im Dienste der Hausverwaltung und der Bewohner&#8220;.<\/p>\n<p><strong>Programm:<\/strong><\/p>\n<p><strong>17.00 Uhr:<\/strong> Begr\u00fc\u00dfung<\/p>\n<p>Wir freuen uns auf die folgenden Pr\u00e4sentationen:<\/p>\n<ul>\n<li>Saphyr, die Software, die sich an Ihre Bed\u00fcrfnisse anpasst von Thierry Briquet von Saphyr Solutions.<\/li>\n<li><strong>BIM<\/strong>, Revit und FM von Martino Giaquinto und Nicolas Saugy von Mensch und Maschine.<\/li>\n<li>Das vernetzte Geb\u00e4ude im Dienste der Verwaltung und der Bewohner von J\u00e9r\u00f4me Ramelet von <strong>eSMART<\/strong><\/li>\n<li>Digitalisierung und Mobilit\u00e4t: Auf dem Weg zur Instandhaltung 4.0 von Herv\u00e9 Voilquin von SOA PEOPLE<\/li>\n<li>&#8230; u.a.<\/li>\n<\/ul>\n<p><strong>19.10 Uhr:<\/strong> Aperitif und Networking.<\/p>\n<p>Weitere Informationen und Anmeldung \u00ae <a href=\"https:\/\/www.fmpro-swiss.ch\/fr\/networking\/reunion-du-reseau-romandie-4\" target=\"_blank\">Site web fmpro<\/a><\/p>\n","protected":false},"excerpt":{"rendered":"<p>fmpro richtet sich an Fach- und F\u00fchrungskr\u00e4fte, die in Unternehmen eine Funktion als Facility Manager und Instandhalter wahrnehmen. Die regionale und thematische Vernetzung sowie der Erfahrungsaustausch geh\u00f6ren zu den wichtigsten Aktivit\u00e4ten von fmpro. Jedes Jahr bietet fmpro \u00fcber 30 Veranstaltungen an. Das Angebot umfasst wiederkehrende freie Netzwerkformate sowie Einzelveranstaltungen mit Besichtigungen, Einf\u00fchrungsreferaten und Networking-Aktivit\u00e4ten. F\u00fcr&hellip;<\/p>\n","protected":false},"author":2,"featured_media":97445,"comment_status":"open","ping_status":"open","sticky":false,"template":"","format":"standard","meta":{"footnotes":""},"categories":[357,413,197,198],"tags":[],"class_list":["post-21642","post","type-post","status-publish","format-standard","has-post-thumbnail","hentry","category-aktuelles","category-evenements-2","category-actualite-de","category-evenements-de","category-357","category-413","category-197","category-198","description-off"],"yoast_head":"<!-- This site is optimized with the Yoast SEO plugin v26.2 - https:\/\/yoast.com\/wordpress\/plugins\/seo\/ -->\n<title>Jerome Ramelet als Redner am 28. September 2023 bei der fmpro-Veranstaltung - eSMART Technologies<\/title>\n<meta name=\"robots\" content=\"index, follow, max-snippet:-1, max-image-preview:large, max-video-preview:-1\" \/>\n<link rel=\"canonical\" href=\"https:\/\/myesmart.com\/de\/jerome-ramelet-als-redner-am-28-september-2023-bei-der-fmpro-veranstaltung\/\" \/>\n<meta property=\"og:locale\" content=\"de_DE\" \/>\n<meta property=\"og:type\" content=\"article\" \/>\n<meta property=\"og:title\" content=\"Jerome Ramelet als Redner am 28. September 2023 bei der fmpro-Veranstaltung - eSMART Technologies\" \/>\n<meta property=\"og:description\" content=\"fmpro richtet sich an Fach- und F\u00fchrungskr\u00e4fte, die in Unternehmen eine Funktion als Facility Manager und Instandhalter wahrnehmen. Die regionale und thematische Vernetzung sowie der Erfahrungsaustausch geh\u00f6ren zu den wichtigsten Aktivit\u00e4ten von fmpro. Jedes Jahr bietet fmpro \u00fcber 30 Veranstaltungen an. Das Angebot umfasst wiederkehrende freie Netzwerkformate sowie Einzelveranstaltungen mit Besichtigungen, Einf\u00fchrungsreferaten und Networking-Aktivit\u00e4ten. F\u00fcr&hellip;\" \/>\n<meta property=\"og:url\" content=\"https:\/\/myesmart.com\/de\/jerome-ramelet-als-redner-am-28-september-2023-bei-der-fmpro-veranstaltung\/\" \/>\n<meta property=\"og:site_name\" content=\"eSMART Technologies\" \/>\n<meta property=\"article:published_time\" content=\"2023-09-20T14:42:50+00:00\" \/>\n<meta property=\"article:modified_time\" content=\"2025-08-19T15:34:01+00:00\" \/>\n<meta property=\"og:image\" content=\"https:\/\/myesmart.com\/wp-content\/uploads\/2025\/08\/eSMART_FMpro_Jerome.png\" \/>\n\t<meta property=\"og:image:width\" content=\"1320\" \/>\n\t<meta property=\"og:image:height\" content=\"550\" \/>\n\t<meta property=\"og:image:type\" content=\"image\/png\" \/>\n<meta name=\"author\" content=\"Thomas Bercht\" \/>\n<meta name=\"twitter:card\" content=\"summary_large_image\" \/>\n<meta name=\"twitter:label1\" content=\"Verfasst von\" \/>\n\t<meta name=\"twitter:data1\" content=\"Thomas Bercht\" \/>\n\t<meta name=\"twitter:label2\" content=\"Gesch\u00e4tzte Lesezeit\" \/>\n\t<meta name=\"twitter:data2\" content=\"1\u00a0Minute\" \/>\n<script type=\"application\/ld+json\" class=\"yoast-schema-graph\">{\"@context\":\"https:\/\/schema.org\",\"@graph\":[{\"@type\":\"Article\",\"@id\":\"https:\/\/myesmart.com\/de\/jerome-ramelet-als-redner-am-28-september-2023-bei-der-fmpro-veranstaltung\/#article\",\"isPartOf\":{\"@id\":\"https:\/\/myesmart.com\/de\/jerome-ramelet-als-redner-am-28-september-2023-bei-der-fmpro-veranstaltung\/\"},\"author\":{\"name\":\"Thomas Bercht\",\"@id\":\"https:\/\/myesmart.com\/de\/#\/schema\/person\/edb5ceb075d89a156356fa30a695d6ef\"},\"headline\":\"Jerome Ramelet als Redner am 28. September 2023 bei der fmpro-Veranstaltung\",\"datePublished\":\"2023-09-20T14:42:50+00:00\",\"dateModified\":\"2025-08-19T15:34:01+00:00\",\"mainEntityOfPage\":{\"@id\":\"https:\/\/myesmart.com\/de\/jerome-ramelet-als-redner-am-28-september-2023-bei-der-fmpro-veranstaltung\/\"},\"wordCount\":192,\"commentCount\":0,\"publisher\":{\"@id\":\"https:\/\/myesmart.com\/de\/#organization\"},\"image\":{\"@id\":\"https:\/\/myesmart.com\/de\/jerome-ramelet-als-redner-am-28-september-2023-bei-der-fmpro-veranstaltung\/#primaryimage\"},\"thumbnailUrl\":\"https:\/\/myesmart.com\/wp-content\/uploads\/2025\/08\/eSMART_FMpro_Jerome.png\",\"articleSection\":[\"Aktuelles\",\"Ev\u00e9nements\",\"Nachrichten @de\",\"Veranstaltungen @de\"],\"inLanguage\":\"de\",\"potentialAction\":[{\"@type\":\"CommentAction\",\"name\":\"Comment\",\"target\":[\"https:\/\/myesmart.com\/de\/jerome-ramelet-als-redner-am-28-september-2023-bei-der-fmpro-veranstaltung\/#respond\"]}]},{\"@type\":\"WebPage\",\"@id\":\"https:\/\/myesmart.com\/de\/jerome-ramelet-als-redner-am-28-september-2023-bei-der-fmpro-veranstaltung\/\",\"url\":\"https:\/\/myesmart.com\/de\/jerome-ramelet-als-redner-am-28-september-2023-bei-der-fmpro-veranstaltung\/\",\"name\":\"Jerome Ramelet als Redner am 28. September 2023 bei der fmpro-Veranstaltung - eSMART Technologies\",\"isPartOf\":{\"@id\":\"https:\/\/myesmart.com\/de\/#website\"},\"primaryImageOfPage\":{\"@id\":\"https:\/\/myesmart.com\/de\/jerome-ramelet-als-redner-am-28-september-2023-bei-der-fmpro-veranstaltung\/#primaryimage\"},\"image\":{\"@id\":\"https:\/\/myesmart.com\/de\/jerome-ramelet-als-redner-am-28-september-2023-bei-der-fmpro-veranstaltung\/#primaryimage\"},\"thumbnailUrl\":\"https:\/\/myesmart.com\/wp-content\/uploads\/2025\/08\/eSMART_FMpro_Jerome.png\",\"datePublished\":\"2023-09-20T14:42:50+00:00\",\"dateModified\":\"2025-08-19T15:34:01+00:00\",\"breadcrumb\":{\"@id\":\"https:\/\/myesmart.com\/de\/jerome-ramelet-als-redner-am-28-september-2023-bei-der-fmpro-veranstaltung\/#breadcrumb\"},\"inLanguage\":\"de\",\"potentialAction\":[{\"@type\":\"ReadAction\",\"target\":[\"https:\/\/myesmart.com\/de\/jerome-ramelet-als-redner-am-28-september-2023-bei-der-fmpro-veranstaltung\/\"]}]},{\"@type\":\"ImageObject\",\"inLanguage\":\"de\",\"@id\":\"https:\/\/myesmart.com\/de\/jerome-ramelet-als-redner-am-28-september-2023-bei-der-fmpro-veranstaltung\/#primaryimage\",\"url\":\"https:\/\/myesmart.com\/wp-content\/uploads\/2025\/08\/eSMART_FMpro_Jerome.png\",\"contentUrl\":\"https:\/\/myesmart.com\/wp-content\/uploads\/2025\/08\/eSMART_FMpro_Jerome.png\",\"width\":1320,\"height\":550},{\"@type\":\"BreadcrumbList\",\"@id\":\"https:\/\/myesmart.com\/de\/jerome-ramelet-als-redner-am-28-september-2023-bei-der-fmpro-veranstaltung\/#breadcrumb\",\"itemListElement\":[{\"@type\":\"ListItem\",\"position\":1,\"name\":\"Accueil\",\"item\":\"https:\/\/myesmart.com\/\"},{\"@type\":\"ListItem\",\"position\":2,\"name\":\"Jerome Ramelet als Redner am 28. September 2023 bei der fmpro-Veranstaltung\"}]},{\"@type\":\"WebSite\",\"@id\":\"https:\/\/myesmart.com\/de\/#website\",\"url\":\"https:\/\/myesmart.com\/de\/\",\"name\":\"eSMART Technologies\",\"description\":\"The Swiss leaders of interactive and connected home management and we provide sustainable and smart solutions to buildings so that people can improve the comfort to their daily life.\",\"publisher\":{\"@id\":\"https:\/\/myesmart.com\/de\/#organization\"},\"potentialAction\":[{\"@type\":\"SearchAction\",\"target\":{\"@type\":\"EntryPoint\",\"urlTemplate\":\"https:\/\/myesmart.com\/de\/?s={search_term_string}\"},\"query-input\":{\"@type\":\"PropertyValueSpecification\",\"valueRequired\":true,\"valueName\":\"search_term_string\"}}],\"inLanguage\":\"de\"},{\"@type\":\"Organization\",\"@id\":\"https:\/\/myesmart.com\/de\/#organization\",\"name\":\"eSMART Technologies\",\"url\":\"https:\/\/myesmart.com\/de\/\",\"logo\":{\"@type\":\"ImageObject\",\"inLanguage\":\"de\",\"@id\":\"https:\/\/myesmart.com\/de\/#\/schema\/logo\/image\/\",\"url\":\"https:\/\/myesmart.com\/wp-content\/uploads\/2024\/05\/esmart_logo_rgb_transparent.png\",\"contentUrl\":\"https:\/\/myesmart.com\/wp-content\/uploads\/2024\/05\/esmart_logo_rgb_transparent.png\",\"width\":2362,\"height\":874,\"caption\":\"eSMART Technologies\"},\"image\":{\"@id\":\"https:\/\/myesmart.com\/de\/#\/schema\/logo\/image\/\"},\"sameAs\":[\"https:\/\/www.linkedin.com\/company\/esmart-technologies\/\"]},{\"@type\":\"Person\",\"@id\":\"https:\/\/myesmart.com\/de\/#\/schema\/person\/edb5ceb075d89a156356fa30a695d6ef\",\"name\":\"Thomas Bercht\",\"url\":\"https:\/\/myesmart.com\/de\/author\/thomas-bercht\/\"}]}<\/script>\n<!-- \/ Yoast SEO plugin. -->","yoast_head_json":{"title":"Jerome Ramelet als Redner am 28. September 2023 bei der fmpro-Veranstaltung - eSMART Technologies","robots":{"index":"index","follow":"follow","max-snippet":"max-snippet:-1","max-image-preview":"max-image-preview:large","max-video-preview":"max-video-preview:-1"},"canonical":"https:\/\/myesmart.com\/de\/jerome-ramelet-als-redner-am-28-september-2023-bei-der-fmpro-veranstaltung\/","og_locale":"de_DE","og_type":"article","og_title":"Jerome Ramelet als Redner am 28. September 2023 bei der fmpro-Veranstaltung - eSMART Technologies","og_description":"fmpro richtet sich an Fach- und F\u00fchrungskr\u00e4fte, die in Unternehmen eine Funktion als Facility Manager und Instandhalter wahrnehmen. Die regionale und thematische Vernetzung sowie der Erfahrungsaustausch geh\u00f6ren zu den wichtigsten Aktivit\u00e4ten von fmpro. Jedes Jahr bietet fmpro \u00fcber 30 Veranstaltungen an. Das Angebot umfasst wiederkehrende freie Netzwerkformate sowie Einzelveranstaltungen mit Besichtigungen, Einf\u00fchrungsreferaten und Networking-Aktivit\u00e4ten. F\u00fcr&hellip;","og_url":"https:\/\/myesmart.com\/de\/jerome-ramelet-als-redner-am-28-september-2023-bei-der-fmpro-veranstaltung\/","og_site_name":"eSMART Technologies","article_published_time":"2023-09-20T14:42:50+00:00","article_modified_time":"2025-08-19T15:34:01+00:00","og_image":[{"width":1320,"height":550,"url":"https:\/\/myesmart.com\/wp-content\/uploads\/2025\/08\/eSMART_FMpro_Jerome.png","type":"image\/png"}],"author":"Thomas Bercht","twitter_card":"summary_large_image","twitter_misc":{"Verfasst von":"Thomas Bercht","Gesch\u00e4tzte Lesezeit":"1\u00a0Minute"},"schema":{"@context":"https:\/\/schema.org","@graph":[{"@type":"Article","@id":"https:\/\/myesmart.com\/de\/jerome-ramelet-als-redner-am-28-september-2023-bei-der-fmpro-veranstaltung\/#article","isPartOf":{"@id":"https:\/\/myesmart.com\/de\/jerome-ramelet-als-redner-am-28-september-2023-bei-der-fmpro-veranstaltung\/"},"author":{"name":"Thomas Bercht","@id":"https:\/\/myesmart.com\/de\/#\/schema\/person\/edb5ceb075d89a156356fa30a695d6ef"},"headline":"Jerome Ramelet als Redner am 28. September 2023 bei der fmpro-Veranstaltung","datePublished":"2023-09-20T14:42:50+00:00","dateModified":"2025-08-19T15:34:01+00:00","mainEntityOfPage":{"@id":"https:\/\/myesmart.com\/de\/jerome-ramelet-als-redner-am-28-september-2023-bei-der-fmpro-veranstaltung\/"},"wordCount":192,"commentCount":0,"publisher":{"@id":"https:\/\/myesmart.com\/de\/#organization"},"image":{"@id":"https:\/\/myesmart.com\/de\/jerome-ramelet-als-redner-am-28-september-2023-bei-der-fmpro-veranstaltung\/#primaryimage"},"thumbnailUrl":"https:\/\/myesmart.com\/wp-content\/uploads\/2025\/08\/eSMART_FMpro_Jerome.png","articleSection":["Aktuelles","Ev\u00e9nements","Nachrichten @de","Veranstaltungen @de"],"inLanguage":"de","potentialAction":[{"@type":"CommentAction","name":"Comment","target":["https:\/\/myesmart.com\/de\/jerome-ramelet-als-redner-am-28-september-2023-bei-der-fmpro-veranstaltung\/#respond"]}]},{"@type":"WebPage","@id":"https:\/\/myesmart.com\/de\/jerome-ramelet-als-redner-am-28-september-2023-bei-der-fmpro-veranstaltung\/","url":"https:\/\/myesmart.com\/de\/jerome-ramelet-als-redner-am-28-september-2023-bei-der-fmpro-veranstaltung\/","name":"Jerome Ramelet als Redner am 28. September 2023 bei der fmpro-Veranstaltung - eSMART Technologies","isPartOf":{"@id":"https:\/\/myesmart.com\/de\/#website"},"primaryImageOfPage":{"@id":"https:\/\/myesmart.com\/de\/jerome-ramelet-als-redner-am-28-september-2023-bei-der-fmpro-veranstaltung\/#primaryimage"},"image":{"@id":"https:\/\/myesmart.com\/de\/jerome-ramelet-als-redner-am-28-september-2023-bei-der-fmpro-veranstaltung\/#primaryimage"},"thumbnailUrl":"https:\/\/myesmart.com\/wp-content\/uploads\/2025\/08\/eSMART_FMpro_Jerome.png","datePublished":"2023-09-20T14:42:50+00:00","dateModified":"2025-08-19T15:34:01+00:00","breadcrumb":{"@id":"https:\/\/myesmart.com\/de\/jerome-ramelet-als-redner-am-28-september-2023-bei-der-fmpro-veranstaltung\/#breadcrumb"},"inLanguage":"de","potentialAction":[{"@type":"ReadAction","target":["https:\/\/myesmart.com\/de\/jerome-ramelet-als-redner-am-28-september-2023-bei-der-fmpro-veranstaltung\/"]}]},{"@type":"ImageObject","inLanguage":"de","@id":"https:\/\/myesmart.com\/de\/jerome-ramelet-als-redner-am-28-september-2023-bei-der-fmpro-veranstaltung\/#primaryimage","url":"https:\/\/myesmart.com\/wp-content\/uploads\/2025\/08\/eSMART_FMpro_Jerome.png","contentUrl":"https:\/\/myesmart.com\/wp-content\/uploads\/2025\/08\/eSMART_FMpro_Jerome.png","width":1320,"height":550},{"@type":"BreadcrumbList","@id":"https:\/\/myesmart.com\/de\/jerome-ramelet-als-redner-am-28-september-2023-bei-der-fmpro-veranstaltung\/#breadcrumb","itemListElement":[{"@type":"ListItem","position":1,"name":"Accueil","item":"https:\/\/myesmart.com\/"},{"@type":"ListItem","position":2,"name":"Jerome Ramelet als Redner am 28. September 2023 bei der fmpro-Veranstaltung"}]},{"@type":"WebSite","@id":"https:\/\/myesmart.com\/de\/#website","url":"https:\/\/myesmart.com\/de\/","name":"eSMART Technologies","description":"The Swiss leaders of interactive and connected home management and we provide sustainable and smart solutions to buildings so that people can improve the comfort to their daily life.","publisher":{"@id":"https:\/\/myesmart.com\/de\/#organization"},"potentialAction":[{"@type":"SearchAction","target":{"@type":"EntryPoint","urlTemplate":"https:\/\/myesmart.com\/de\/?s={search_term_string}"},"query-input":{"@type":"PropertyValueSpecification","valueRequired":true,"valueName":"search_term_string"}}],"inLanguage":"de"},{"@type":"Organization","@id":"https:\/\/myesmart.com\/de\/#organization","name":"eSMART Technologies","url":"https:\/\/myesmart.com\/de\/","logo":{"@type":"ImageObject","inLanguage":"de","@id":"https:\/\/myesmart.com\/de\/#\/schema\/logo\/image\/","url":"https:\/\/myesmart.com\/wp-content\/uploads\/2024\/05\/esmart_logo_rgb_transparent.png","contentUrl":"https:\/\/myesmart.com\/wp-content\/uploads\/2024\/05\/esmart_logo_rgb_transparent.png","width":2362,"height":874,"caption":"eSMART Technologies"},"image":{"@id":"https:\/\/myesmart.com\/de\/#\/schema\/logo\/image\/"},"sameAs":["https:\/\/www.linkedin.com\/company\/esmart-technologies\/"]},{"@type":"Person","@id":"https:\/\/myesmart.com\/de\/#\/schema\/person\/edb5ceb075d89a156356fa30a695d6ef","name":"Thomas Bercht","url":"https:\/\/myesmart.com\/de\/author\/thomas-bercht\/"}]}},"_links":{"self":[{"href":"https:\/\/myesmart.com\/de\/wp-json\/wp\/v2\/posts\/21642","targetHints":{"allow":["GET"]}}],"collection":[{"href":"https:\/\/myesmart.com\/de\/wp-json\/wp\/v2\/posts"}],"about":[{"href":"https:\/\/myesmart.com\/de\/wp-json\/wp\/v2\/types\/post"}],"author":[{"embeddable":true,"href":"https:\/\/myesmart.com\/de\/wp-json\/wp\/v2\/users\/2"}],"replies":[{"embeddable":true,"href":"https:\/\/myesmart.com\/de\/wp-json\/wp\/v2\/comments?post=21642"}],"version-history":[{"count":1,"href":"https:\/\/myesmart.com\/de\/wp-json\/wp\/v2\/posts\/21642\/revisions"}],"predecessor-version":[{"id":97190,"href":"https:\/\/myesmart.com\/de\/wp-json\/wp\/v2\/posts\/21642\/revisions\/97190"}],"wp:featuredmedia":[{"embeddable":true,"href":"https:\/\/myesmart.com\/de\/wp-json\/wp\/v2\/media\/97445"}],"wp:attachment":[{"href":"https:\/\/myesmart.com\/de\/wp-json\/wp\/v2\/media?parent=21642"}],"wp:term":[{"taxonomy":"category","embeddable":true,"href":"https:\/\/myesmart.com\/de\/wp-json\/wp\/v2\/categories?post=21642"},{"taxonomy":"post_tag","embeddable":true,"href":"https:\/\/myesmart.com\/de\/wp-json\/wp\/v2\/tags?post=21642"}],"curies":[{"name":"wp","href":"https:\/\/api.w.org\/{rel}","templated":true}]}}