{"id":20685,"date":"2022-09-21T11:29:38","date_gmt":"2022-09-21T11:29:38","guid":{"rendered":"https:\/\/myesmart.com\/?p=20685"},"modified":"2025-08-29T09:10:49","modified_gmt":"2025-08-29T09:10:49","slug":"3-jahriges-jubilaum-zwischen-kobelthaus-und-esmart-technologies-ag","status":"publish","type":"post","link":"https:\/\/myesmart.com\/de\/3-jahriges-jubilaum-zwischen-kobelthaus-und-esmart-technologies-ag\/","title":{"rendered":"3-j\u00e4hriges Jubil\u00e4um zwischen Kobelthaus und eSMART Technologies AG"},"content":{"rendered":"<p style=\"text-align: justify;\"><strong>\u00dcber 120 Einfamilienh\u00e4user und ein paar Mehrfamilienh\u00e4user wurden in angenehmer und erfolgreicher Zusammenarbeit mit dem Smart Living System von eSMART ausgestattet.<\/strong> Nachhaltigkeit, Energieeffizienz, Energiemonitoring, was Heute in aller Munde ist, wurde von Kobelthaus mit dem eSMART System in die Tat umgesetzt und alle H\u00e4user damit ausgestattet.<\/p>\n<p style=\"text-align: justify;\">Bei einer kleinen Feier mit Reto Sieber (Kobelthaus) und Rafael Belda (eSMART Technologies AG), wurden bereits neue M\u00f6glichkeiten und Umsetzungen der Kundenbed\u00fcrfnisse besprochen. Den steigenden Ausbau von Photovoltaikanlagen, ZEV (Zusammenschluss zum Eigenverbrauch) und weitere Optionen, k\u00f6nnen mit diesem Produkt implementiert werden. Den Ausbau von Haustechnik (Licht, Jalousien, Musik etc.), kann zus\u00e4tzlich als Option geordert werden und dank der Powerline Technologie ohne grossen Aufwand und zus\u00e4tzlicher Verkabelung beim Bau oder auch sp\u00e4ter kosteng\u00fcnstig realisiert werden.<\/p>\n<p style=\"text-align: justify;\">Wir bedanken uns herzlich bei der Firma Kobelthaus f\u00fcr die angenehme und erfolgreiche Zusammenarbeit.<\/p>\n","protected":false},"excerpt":{"rendered":"<p>\u00dcber 120 Einfamilienh\u00e4user und ein paar Mehrfamilienh\u00e4user wurden in angenehmer und erfolgreicher Zusammenarbeit mit dem Smart Living System von eSMART ausgestattet. Nachhaltigkeit, Energieeffizienz, Energiemonitoring, was Heute in aller Munde ist, wurde von Kobelthaus mit dem eSMART System in die Tat umgesetzt und alle H\u00e4user damit ausgestattet. Bei einer kleinen Feier mit Reto Sieber (Kobelthaus) und&hellip;<\/p>\n","protected":false},"author":2,"featured_media":20688,"comment_status":"open","ping_status":"open","sticky":false,"template":"","format":"standard","meta":{"footnotes":""},"categories":[197,414,209],"tags":[],"class_list":["post-20685","post","type-post","status-publish","format-standard","has-post-thumbnail","hentry","category-actualite-de","category-unternehmen","category-entreprise-de","category-197","category-414","category-209","description-off"],"yoast_head":"<!-- This site is optimized with the Yoast SEO plugin v26.2 - https:\/\/yoast.com\/wordpress\/plugins\/seo\/ -->\n<title>3-j\u00e4hriges Jubil\u00e4um zwischen Kobelthaus und eSMART Technologies AG - eSMART Technologies<\/title>\n<meta name=\"robots\" content=\"index, follow, max-snippet:-1, max-image-preview:large, max-video-preview:-1\" \/>\n<link rel=\"canonical\" href=\"https:\/\/myesmart.com\/de\/3-jahriges-jubilaum-zwischen-kobelthaus-und-esmart-technologies-ag\/\" \/>\n<meta property=\"og:locale\" content=\"de_DE\" \/>\n<meta property=\"og:type\" content=\"article\" \/>\n<meta property=\"og:title\" content=\"3-j\u00e4hriges Jubil\u00e4um zwischen Kobelthaus und eSMART Technologies AG - eSMART Technologies\" \/>\n<meta property=\"og:description\" content=\"\u00dcber 120 Einfamilienh\u00e4user und ein paar Mehrfamilienh\u00e4user wurden in angenehmer und erfolgreicher Zusammenarbeit mit dem Smart Living System von eSMART ausgestattet. Nachhaltigkeit, Energieeffizienz, Energiemonitoring, was Heute in aller Munde ist, wurde von Kobelthaus mit dem eSMART System in die Tat umgesetzt und alle H\u00e4user damit ausgestattet. Bei einer kleinen Feier mit Reto Sieber (Kobelthaus) und&hellip;\" \/>\n<meta property=\"og:url\" content=\"https:\/\/myesmart.com\/de\/3-jahriges-jubilaum-zwischen-kobelthaus-und-esmart-technologies-ag\/\" \/>\n<meta property=\"og:site_name\" content=\"eSMART Technologies\" \/>\n<meta property=\"article:published_time\" content=\"2022-09-21T11:29:38+00:00\" \/>\n<meta property=\"article:modified_time\" content=\"2025-08-29T09:10:49+00:00\" \/>\n<meta property=\"og:image\" content=\"https:\/\/myesmart.com\/wp-content\/uploads\/2022\/09\/eSMART_Kobelthaus_JubilaumDE.png\" \/>\n\t<meta property=\"og:image:width\" content=\"1320\" \/>\n\t<meta property=\"og:image:height\" content=\"550\" \/>\n\t<meta property=\"og:image:type\" content=\"image\/png\" \/>\n<meta name=\"author\" content=\"Thomas Bercht\" \/>\n<meta name=\"twitter:card\" content=\"summary_large_image\" \/>\n<meta name=\"twitter:label1\" content=\"Verfasst von\" \/>\n\t<meta name=\"twitter:data1\" content=\"Thomas Bercht\" \/>\n\t<meta name=\"twitter:label2\" content=\"Gesch\u00e4tzte Lesezeit\" \/>\n\t<meta name=\"twitter:data2\" content=\"1\u00a0Minute\" \/>\n<script type=\"application\/ld+json\" class=\"yoast-schema-graph\">{\"@context\":\"https:\/\/schema.org\",\"@graph\":[{\"@type\":\"Article\",\"@id\":\"https:\/\/myesmart.com\/de\/3-jahriges-jubilaum-zwischen-kobelthaus-und-esmart-technologies-ag\/#article\",\"isPartOf\":{\"@id\":\"https:\/\/myesmart.com\/de\/3-jahriges-jubilaum-zwischen-kobelthaus-und-esmart-technologies-ag\/\"},\"author\":{\"name\":\"Thomas Bercht\",\"@id\":\"https:\/\/myesmart.com\/de\/#\/schema\/person\/edb5ceb075d89a156356fa30a695d6ef\"},\"headline\":\"3-j\u00e4hriges Jubil\u00e4um zwischen Kobelthaus und eSMART Technologies AG\",\"datePublished\":\"2022-09-21T11:29:38+00:00\",\"dateModified\":\"2025-08-29T09:10:49+00:00\",\"mainEntityOfPage\":{\"@id\":\"https:\/\/myesmart.com\/de\/3-jahriges-jubilaum-zwischen-kobelthaus-und-esmart-technologies-ag\/\"},\"wordCount\":154,\"commentCount\":0,\"publisher\":{\"@id\":\"https:\/\/myesmart.com\/de\/#organization\"},\"image\":{\"@id\":\"https:\/\/myesmart.com\/de\/3-jahriges-jubilaum-zwischen-kobelthaus-und-esmart-technologies-ag\/#primaryimage\"},\"thumbnailUrl\":\"https:\/\/myesmart.com\/wp-content\/uploads\/2022\/09\/eSMART_Kobelthaus_JubilaumDE.png\",\"articleSection\":[\"Nachrichten @de\",\"Unternehmen\",\"Unternehmen @de\"],\"inLanguage\":\"de\",\"potentialAction\":[{\"@type\":\"CommentAction\",\"name\":\"Comment\",\"target\":[\"https:\/\/myesmart.com\/de\/3-jahriges-jubilaum-zwischen-kobelthaus-und-esmart-technologies-ag\/#respond\"]}]},{\"@type\":\"WebPage\",\"@id\":\"https:\/\/myesmart.com\/de\/3-jahriges-jubilaum-zwischen-kobelthaus-und-esmart-technologies-ag\/\",\"url\":\"https:\/\/myesmart.com\/de\/3-jahriges-jubilaum-zwischen-kobelthaus-und-esmart-technologies-ag\/\",\"name\":\"3-j\u00e4hriges Jubil\u00e4um zwischen Kobelthaus und eSMART Technologies AG - eSMART Technologies\",\"isPartOf\":{\"@id\":\"https:\/\/myesmart.com\/de\/#website\"},\"primaryImageOfPage\":{\"@id\":\"https:\/\/myesmart.com\/de\/3-jahriges-jubilaum-zwischen-kobelthaus-und-esmart-technologies-ag\/#primaryimage\"},\"image\":{\"@id\":\"https:\/\/myesmart.com\/de\/3-jahriges-jubilaum-zwischen-kobelthaus-und-esmart-technologies-ag\/#primaryimage\"},\"thumbnailUrl\":\"https:\/\/myesmart.com\/wp-content\/uploads\/2022\/09\/eSMART_Kobelthaus_JubilaumDE.png\",\"datePublished\":\"2022-09-21T11:29:38+00:00\",\"dateModified\":\"2025-08-29T09:10:49+00:00\",\"breadcrumb\":{\"@id\":\"https:\/\/myesmart.com\/de\/3-jahriges-jubilaum-zwischen-kobelthaus-und-esmart-technologies-ag\/#breadcrumb\"},\"inLanguage\":\"de\",\"potentialAction\":[{\"@type\":\"ReadAction\",\"target\":[\"https:\/\/myesmart.com\/de\/3-jahriges-jubilaum-zwischen-kobelthaus-und-esmart-technologies-ag\/\"]}]},{\"@type\":\"ImageObject\",\"inLanguage\":\"de\",\"@id\":\"https:\/\/myesmart.com\/de\/3-jahriges-jubilaum-zwischen-kobelthaus-und-esmart-technologies-ag\/#primaryimage\",\"url\":\"https:\/\/myesmart.com\/wp-content\/uploads\/2022\/09\/eSMART_Kobelthaus_JubilaumDE.png\",\"contentUrl\":\"https:\/\/myesmart.com\/wp-content\/uploads\/2022\/09\/eSMART_Kobelthaus_JubilaumDE.png\",\"width\":1320,\"height\":550},{\"@type\":\"BreadcrumbList\",\"@id\":\"https:\/\/myesmart.com\/de\/3-jahriges-jubilaum-zwischen-kobelthaus-und-esmart-technologies-ag\/#breadcrumb\",\"itemListElement\":[{\"@type\":\"ListItem\",\"position\":1,\"name\":\"Accueil\",\"item\":\"https:\/\/myesmart.com\/\"},{\"@type\":\"ListItem\",\"position\":2,\"name\":\"3-j\u00e4hriges Jubil\u00e4um zwischen Kobelthaus und eSMART Technologies AG\"}]},{\"@type\":\"WebSite\",\"@id\":\"https:\/\/myesmart.com\/de\/#website\",\"url\":\"https:\/\/myesmart.com\/de\/\",\"name\":\"eSMART Technologies\",\"description\":\"The Swiss leaders of interactive and connected home management and we provide sustainable and smart solutions to buildings so that people can improve the comfort to their daily life.\",\"publisher\":{\"@id\":\"https:\/\/myesmart.com\/de\/#organization\"},\"potentialAction\":[{\"@type\":\"SearchAction\",\"target\":{\"@type\":\"EntryPoint\",\"urlTemplate\":\"https:\/\/myesmart.com\/de\/?s={search_term_string}\"},\"query-input\":{\"@type\":\"PropertyValueSpecification\",\"valueRequired\":true,\"valueName\":\"search_term_string\"}}],\"inLanguage\":\"de\"},{\"@type\":\"Organization\",\"@id\":\"https:\/\/myesmart.com\/de\/#organization\",\"name\":\"eSMART Technologies\",\"url\":\"https:\/\/myesmart.com\/de\/\",\"logo\":{\"@type\":\"ImageObject\",\"inLanguage\":\"de\",\"@id\":\"https:\/\/myesmart.com\/de\/#\/schema\/logo\/image\/\",\"url\":\"https:\/\/myesmart.com\/wp-content\/uploads\/2024\/05\/esmart_logo_rgb_transparent.png\",\"contentUrl\":\"https:\/\/myesmart.com\/wp-content\/uploads\/2024\/05\/esmart_logo_rgb_transparent.png\",\"width\":2362,\"height\":874,\"caption\":\"eSMART Technologies\"},\"image\":{\"@id\":\"https:\/\/myesmart.com\/de\/#\/schema\/logo\/image\/\"},\"sameAs\":[\"https:\/\/www.linkedin.com\/company\/esmart-technologies\/\"]},{\"@type\":\"Person\",\"@id\":\"https:\/\/myesmart.com\/de\/#\/schema\/person\/edb5ceb075d89a156356fa30a695d6ef\",\"name\":\"Thomas Bercht\",\"url\":\"https:\/\/myesmart.com\/de\/author\/thomas-bercht\/\"}]}<\/script>\n<!-- \/ Yoast SEO plugin. -->","yoast_head_json":{"title":"3-j\u00e4hriges Jubil\u00e4um zwischen Kobelthaus und eSMART Technologies AG - eSMART Technologies","robots":{"index":"index","follow":"follow","max-snippet":"max-snippet:-1","max-image-preview":"max-image-preview:large","max-video-preview":"max-video-preview:-1"},"canonical":"https:\/\/myesmart.com\/de\/3-jahriges-jubilaum-zwischen-kobelthaus-und-esmart-technologies-ag\/","og_locale":"de_DE","og_type":"article","og_title":"3-j\u00e4hriges Jubil\u00e4um zwischen Kobelthaus und eSMART Technologies AG - eSMART Technologies","og_description":"\u00dcber 120 Einfamilienh\u00e4user und ein paar Mehrfamilienh\u00e4user wurden in angenehmer und erfolgreicher Zusammenarbeit mit dem Smart Living System von eSMART ausgestattet. Nachhaltigkeit, Energieeffizienz, Energiemonitoring, was Heute in aller Munde ist, wurde von Kobelthaus mit dem eSMART System in die Tat umgesetzt und alle H\u00e4user damit ausgestattet. Bei einer kleinen Feier mit Reto Sieber (Kobelthaus) und&hellip;","og_url":"https:\/\/myesmart.com\/de\/3-jahriges-jubilaum-zwischen-kobelthaus-und-esmart-technologies-ag\/","og_site_name":"eSMART Technologies","article_published_time":"2022-09-21T11:29:38+00:00","article_modified_time":"2025-08-29T09:10:49+00:00","og_image":[{"width":1320,"height":550,"url":"https:\/\/myesmart.com\/wp-content\/uploads\/2022\/09\/eSMART_Kobelthaus_JubilaumDE.png","type":"image\/png"}],"author":"Thomas Bercht","twitter_card":"summary_large_image","twitter_misc":{"Verfasst von":"Thomas Bercht","Gesch\u00e4tzte Lesezeit":"1\u00a0Minute"},"schema":{"@context":"https:\/\/schema.org","@graph":[{"@type":"Article","@id":"https:\/\/myesmart.com\/de\/3-jahriges-jubilaum-zwischen-kobelthaus-und-esmart-technologies-ag\/#article","isPartOf":{"@id":"https:\/\/myesmart.com\/de\/3-jahriges-jubilaum-zwischen-kobelthaus-und-esmart-technologies-ag\/"},"author":{"name":"Thomas Bercht","@id":"https:\/\/myesmart.com\/de\/#\/schema\/person\/edb5ceb075d89a156356fa30a695d6ef"},"headline":"3-j\u00e4hriges Jubil\u00e4um zwischen Kobelthaus und eSMART Technologies AG","datePublished":"2022-09-21T11:29:38+00:00","dateModified":"2025-08-29T09:10:49+00:00","mainEntityOfPage":{"@id":"https:\/\/myesmart.com\/de\/3-jahriges-jubilaum-zwischen-kobelthaus-und-esmart-technologies-ag\/"},"wordCount":154,"commentCount":0,"publisher":{"@id":"https:\/\/myesmart.com\/de\/#organization"},"image":{"@id":"https:\/\/myesmart.com\/de\/3-jahriges-jubilaum-zwischen-kobelthaus-und-esmart-technologies-ag\/#primaryimage"},"thumbnailUrl":"https:\/\/myesmart.com\/wp-content\/uploads\/2022\/09\/eSMART_Kobelthaus_JubilaumDE.png","articleSection":["Nachrichten @de","Unternehmen","Unternehmen @de"],"inLanguage":"de","potentialAction":[{"@type":"CommentAction","name":"Comment","target":["https:\/\/myesmart.com\/de\/3-jahriges-jubilaum-zwischen-kobelthaus-und-esmart-technologies-ag\/#respond"]}]},{"@type":"WebPage","@id":"https:\/\/myesmart.com\/de\/3-jahriges-jubilaum-zwischen-kobelthaus-und-esmart-technologies-ag\/","url":"https:\/\/myesmart.com\/de\/3-jahriges-jubilaum-zwischen-kobelthaus-und-esmart-technologies-ag\/","name":"3-j\u00e4hriges Jubil\u00e4um zwischen Kobelthaus und eSMART Technologies AG - eSMART Technologies","isPartOf":{"@id":"https:\/\/myesmart.com\/de\/#website"},"primaryImageOfPage":{"@id":"https:\/\/myesmart.com\/de\/3-jahriges-jubilaum-zwischen-kobelthaus-und-esmart-technologies-ag\/#primaryimage"},"image":{"@id":"https:\/\/myesmart.com\/de\/3-jahriges-jubilaum-zwischen-kobelthaus-und-esmart-technologies-ag\/#primaryimage"},"thumbnailUrl":"https:\/\/myesmart.com\/wp-content\/uploads\/2022\/09\/eSMART_Kobelthaus_JubilaumDE.png","datePublished":"2022-09-21T11:29:38+00:00","dateModified":"2025-08-29T09:10:49+00:00","breadcrumb":{"@id":"https:\/\/myesmart.com\/de\/3-jahriges-jubilaum-zwischen-kobelthaus-und-esmart-technologies-ag\/#breadcrumb"},"inLanguage":"de","potentialAction":[{"@type":"ReadAction","target":["https:\/\/myesmart.com\/de\/3-jahriges-jubilaum-zwischen-kobelthaus-und-esmart-technologies-ag\/"]}]},{"@type":"ImageObject","inLanguage":"de","@id":"https:\/\/myesmart.com\/de\/3-jahriges-jubilaum-zwischen-kobelthaus-und-esmart-technologies-ag\/#primaryimage","url":"https:\/\/myesmart.com\/wp-content\/uploads\/2022\/09\/eSMART_Kobelthaus_JubilaumDE.png","contentUrl":"https:\/\/myesmart.com\/wp-content\/uploads\/2022\/09\/eSMART_Kobelthaus_JubilaumDE.png","width":1320,"height":550},{"@type":"BreadcrumbList","@id":"https:\/\/myesmart.com\/de\/3-jahriges-jubilaum-zwischen-kobelthaus-und-esmart-technologies-ag\/#breadcrumb","itemListElement":[{"@type":"ListItem","position":1,"name":"Accueil","item":"https:\/\/myesmart.com\/"},{"@type":"ListItem","position":2,"name":"3-j\u00e4hriges Jubil\u00e4um zwischen Kobelthaus und eSMART Technologies AG"}]},{"@type":"WebSite","@id":"https:\/\/myesmart.com\/de\/#website","url":"https:\/\/myesmart.com\/de\/","name":"eSMART Technologies","description":"The Swiss leaders of interactive and connected home management and we provide sustainable and smart solutions to buildings so that people can improve the comfort to their daily life.","publisher":{"@id":"https:\/\/myesmart.com\/de\/#organization"},"potentialAction":[{"@type":"SearchAction","target":{"@type":"EntryPoint","urlTemplate":"https:\/\/myesmart.com\/de\/?s={search_term_string}"},"query-input":{"@type":"PropertyValueSpecification","valueRequired":true,"valueName":"search_term_string"}}],"inLanguage":"de"},{"@type":"Organization","@id":"https:\/\/myesmart.com\/de\/#organization","name":"eSMART Technologies","url":"https:\/\/myesmart.com\/de\/","logo":{"@type":"ImageObject","inLanguage":"de","@id":"https:\/\/myesmart.com\/de\/#\/schema\/logo\/image\/","url":"https:\/\/myesmart.com\/wp-content\/uploads\/2024\/05\/esmart_logo_rgb_transparent.png","contentUrl":"https:\/\/myesmart.com\/wp-content\/uploads\/2024\/05\/esmart_logo_rgb_transparent.png","width":2362,"height":874,"caption":"eSMART Technologies"},"image":{"@id":"https:\/\/myesmart.com\/de\/#\/schema\/logo\/image\/"},"sameAs":["https:\/\/www.linkedin.com\/company\/esmart-technologies\/"]},{"@type":"Person","@id":"https:\/\/myesmart.com\/de\/#\/schema\/person\/edb5ceb075d89a156356fa30a695d6ef","name":"Thomas Bercht","url":"https:\/\/myesmart.com\/de\/author\/thomas-bercht\/"}]}},"_links":{"self":[{"href":"https:\/\/myesmart.com\/de\/wp-json\/wp\/v2\/posts\/20685","targetHints":{"allow":["GET"]}}],"collection":[{"href":"https:\/\/myesmart.com\/de\/wp-json\/wp\/v2\/posts"}],"about":[{"href":"https:\/\/myesmart.com\/de\/wp-json\/wp\/v2\/types\/post"}],"author":[{"embeddable":true,"href":"https:\/\/myesmart.com\/de\/wp-json\/wp\/v2\/users\/2"}],"replies":[{"embeddable":true,"href":"https:\/\/myesmart.com\/de\/wp-json\/wp\/v2\/comments?post=20685"}],"version-history":[{"count":1,"href":"https:\/\/myesmart.com\/de\/wp-json\/wp\/v2\/posts\/20685\/revisions"}],"predecessor-version":[{"id":98115,"href":"https:\/\/myesmart.com\/de\/wp-json\/wp\/v2\/posts\/20685\/revisions\/98115"}],"wp:featuredmedia":[{"embeddable":true,"href":"https:\/\/myesmart.com\/de\/wp-json\/wp\/v2\/media\/20688"}],"wp:attachment":[{"href":"https:\/\/myesmart.com\/de\/wp-json\/wp\/v2\/media?parent=20685"}],"wp:term":[{"taxonomy":"category","embeddable":true,"href":"https:\/\/myesmart.com\/de\/wp-json\/wp\/v2\/categories?post=20685"},{"taxonomy":"post_tag","embeddable":true,"href":"https:\/\/myesmart.com\/de\/wp-json\/wp\/v2\/tags?post=20685"}],"curies":[{"name":"wp","href":"https:\/\/api.w.org\/{rel}","templated":true}]}}