{"id":14575,"date":"2018-08-13T10:39:29","date_gmt":"2018-08-13T10:39:29","guid":{"rendered":"http:\/\/myesmart.com\/?p=14575"},"modified":"2025-08-29T15:09:43","modified_gmt":"2025-08-29T15:09:43","slug":"esmart-exposant-au-smart-city-day-2018-3","status":"publish","type":"post","link":"https:\/\/myesmart.com\/de\/esmart-exposant-au-smart-city-day-2018-3\/","title":{"rendered":"eSMART Aussteller am Smart City Day 2018"},"content":{"rendered":"<div>\n<div style=\"text-align: justify;\">\n<p>Die Digitalisierung macht sich in allen Strukturen der Gesellschaft bemerkbar, und dies vor allem in den St\u00e4dten. Diese technologische Revolution brachte das Konzept der &#8222;Intelligenten St\u00e4dte&#8220; hervor, die effizienter und komfortabler sind und f\u00fcr ein besseres Wohlempfinden seiner B\u00fcrger sorgen. Innobridge, seit 15 Jahren aktiv in der Beratung f\u00fcr Innovation, lancierte den Smart City Day\u00a0in 2014, eine Veranstaltung, die von Stadt zu Stadt in der Westschweiz zieht, und im Rahmen des SCD&#8217;17 in Genf das Smart City Hack\u00a0in 2017, um als Service f\u00fcr die Westschweiz die Entwicklung von Smart Cities in der Romandie zu beleben.<\/p>\n<p>Am Donnerstag, den 13. September findet der Smart City Day 2018 im Forum Freiburg (CH) statt. Diese 5. Auflage hat zum Ziel, bereits realisierte intelligente Bauvorhaben zu pr\u00e4sentieren und \u00fcber die Smartness von St\u00e4dten zu diskutieren, um Erfahrungen auszutauschen. Um einen Ausblick auf die Themen zu geben, seien hier Datenmanagement, Geodaten oder Opendate erw\u00e4hnt. Die ersten Konferenzen sind organisiert, neue, vertrauensvolle Partner kooperieren und die Kommunikation steht dieses Jahr im Vordergrund, um Sie besser zu informieren. Mehrere St\u00e4dte werden ihr Projekt vorstellen, unter diesen wurden geladen: Israel und sein Pool von Start-Ups. Als eine der f\u00fchrenden Veranstaltungen in der Westschweiz hat sie das Anliegen, die Dynamik der bisherigen Ausgaben qualitativ und quantitativ nachhaltig zu sichern, um die damit verbundenen Entwicklungen zu begleiten.<\/p>\n<p>Das Unternehmen eSMART nimmt dieses Jahr am Smart City Day teil, ein sch\u00f6nes Event, das es ihm erlaubt, sich vorzustellen, sich auszutauschen und seine intelligente L\u00f6sung f\u00fcr Wohnraummanagement zu pr\u00e4sentieren.<\/p>\n<p>Smart City Day #5 &#8211; <a href=\"http:\/\/www.smartcityday.ch\" target=\"_blank\">www.smartcityday.ch\u00a0<\/a><\/p>\n<\/div>\n<\/div>\n<div style=\"text-align: justify;\">\n<p>Datum: Donnerstag, 13. September 2018<br \/>\nOrt: Forum Freiburg<br \/>\nThema : &#8222;Intelligente St\u00e4dte &#8211; Inwieweit?&#8220;<\/p>\n<\/div>\n","protected":false},"excerpt":{"rendered":"<p>Die Digitalisierung macht sich in allen Strukturen der Gesellschaft bemerkbar, und dies vor allem in den St\u00e4dten. Diese technologische Revolution brachte das Konzept der &#8222;Intelligenten St\u00e4dte&#8220; hervor, die effizienter und komfortabler sind und f\u00fcr ein besseres Wohlempfinden seiner B\u00fcrger sorgen. Innobridge, seit 15 Jahren aktiv in der Beratung f\u00fcr Innovation, lancierte den Smart City Day\u00a0in&hellip;<\/p>\n","protected":false},"author":2,"featured_media":14576,"comment_status":"open","ping_status":"open","sticky":false,"template":"","format":"standard","meta":{"footnotes":""},"categories":[413,197,198],"tags":[],"class_list":["post-14575","post","type-post","status-publish","format-standard","has-post-thumbnail","hentry","category-evenements-2","category-actualite-de","category-evenements-de","category-413","category-197","category-198","description-off"],"yoast_head":"<!-- This site is optimized with the Yoast SEO plugin v26.2 - https:\/\/yoast.com\/wordpress\/plugins\/seo\/ -->\n<title>eSMART Aussteller am Smart City Day 2018 - eSMART Technologies<\/title>\n<meta name=\"robots\" content=\"index, follow, max-snippet:-1, max-image-preview:large, max-video-preview:-1\" \/>\n<link rel=\"canonical\" href=\"https:\/\/myesmart.com\/de\/esmart-exposant-au-smart-city-day-2018-3\/\" \/>\n<meta property=\"og:locale\" content=\"de_DE\" \/>\n<meta property=\"og:type\" content=\"article\" \/>\n<meta property=\"og:title\" content=\"eSMART Aussteller am Smart City Day 2018 - eSMART Technologies\" \/>\n<meta property=\"og:description\" content=\"Die Digitalisierung macht sich in allen Strukturen der Gesellschaft bemerkbar, und dies vor allem in den St\u00e4dten. Diese technologische Revolution brachte das Konzept der &#8222;Intelligenten St\u00e4dte&#8220; hervor, die effizienter und komfortabler sind und f\u00fcr ein besseres Wohlempfinden seiner B\u00fcrger sorgen. Innobridge, seit 15 Jahren aktiv in der Beratung f\u00fcr Innovation, lancierte den Smart City Day\u00a0in&hellip;\" \/>\n<meta property=\"og:url\" content=\"https:\/\/myesmart.com\/de\/esmart-exposant-au-smart-city-day-2018-3\/\" \/>\n<meta property=\"og:site_name\" content=\"eSMART Technologies\" \/>\n<meta property=\"article:published_time\" content=\"2018-08-13T10:39:29+00:00\" \/>\n<meta property=\"article:modified_time\" content=\"2025-08-29T15:09:43+00:00\" \/>\n<meta property=\"og:image\" content=\"https:\/\/myesmart.com\/wp-content\/uploads\/2018\/08\/eSMART_smartCityDay_DE.png\" \/>\n\t<meta property=\"og:image:width\" content=\"1320\" \/>\n\t<meta property=\"og:image:height\" content=\"550\" \/>\n\t<meta property=\"og:image:type\" content=\"image\/png\" \/>\n<meta name=\"author\" content=\"Thomas Bercht\" \/>\n<meta name=\"twitter:card\" content=\"summary_large_image\" \/>\n<meta name=\"twitter:label1\" content=\"Verfasst von\" \/>\n\t<meta name=\"twitter:data1\" content=\"Thomas Bercht\" \/>\n\t<meta name=\"twitter:label2\" content=\"Gesch\u00e4tzte Lesezeit\" \/>\n\t<meta name=\"twitter:data2\" content=\"1\u00a0Minute\" \/>\n<script type=\"application\/ld+json\" class=\"yoast-schema-graph\">{\"@context\":\"https:\/\/schema.org\",\"@graph\":[{\"@type\":\"Article\",\"@id\":\"https:\/\/myesmart.com\/de\/esmart-exposant-au-smart-city-day-2018-3\/#article\",\"isPartOf\":{\"@id\":\"https:\/\/myesmart.com\/de\/esmart-exposant-au-smart-city-day-2018-3\/\"},\"author\":{\"name\":\"Thomas Bercht\",\"@id\":\"https:\/\/myesmart.com\/de\/#\/schema\/person\/edb5ceb075d89a156356fa30a695d6ef\"},\"headline\":\"eSMART Aussteller am Smart City Day 2018\",\"datePublished\":\"2018-08-13T10:39:29+00:00\",\"dateModified\":\"2025-08-29T15:09:43+00:00\",\"mainEntityOfPage\":{\"@id\":\"https:\/\/myesmart.com\/de\/esmart-exposant-au-smart-city-day-2018-3\/\"},\"wordCount\":283,\"commentCount\":0,\"publisher\":{\"@id\":\"https:\/\/myesmart.com\/de\/#organization\"},\"image\":{\"@id\":\"https:\/\/myesmart.com\/de\/esmart-exposant-au-smart-city-day-2018-3\/#primaryimage\"},\"thumbnailUrl\":\"https:\/\/myesmart.com\/wp-content\/uploads\/2018\/08\/eSMART_smartCityDay_DE.png\",\"articleSection\":[\"Ev\u00e9nements\",\"Nachrichten @de\",\"Veranstaltungen @de\"],\"inLanguage\":\"de\",\"potentialAction\":[{\"@type\":\"CommentAction\",\"name\":\"Comment\",\"target\":[\"https:\/\/myesmart.com\/de\/esmart-exposant-au-smart-city-day-2018-3\/#respond\"]}]},{\"@type\":\"WebPage\",\"@id\":\"https:\/\/myesmart.com\/de\/esmart-exposant-au-smart-city-day-2018-3\/\",\"url\":\"https:\/\/myesmart.com\/de\/esmart-exposant-au-smart-city-day-2018-3\/\",\"name\":\"eSMART Aussteller am Smart City Day 2018 - eSMART Technologies\",\"isPartOf\":{\"@id\":\"https:\/\/myesmart.com\/de\/#website\"},\"primaryImageOfPage\":{\"@id\":\"https:\/\/myesmart.com\/de\/esmart-exposant-au-smart-city-day-2018-3\/#primaryimage\"},\"image\":{\"@id\":\"https:\/\/myesmart.com\/de\/esmart-exposant-au-smart-city-day-2018-3\/#primaryimage\"},\"thumbnailUrl\":\"https:\/\/myesmart.com\/wp-content\/uploads\/2018\/08\/eSMART_smartCityDay_DE.png\",\"datePublished\":\"2018-08-13T10:39:29+00:00\",\"dateModified\":\"2025-08-29T15:09:43+00:00\",\"breadcrumb\":{\"@id\":\"https:\/\/myesmart.com\/de\/esmart-exposant-au-smart-city-day-2018-3\/#breadcrumb\"},\"inLanguage\":\"de\",\"potentialAction\":[{\"@type\":\"ReadAction\",\"target\":[\"https:\/\/myesmart.com\/de\/esmart-exposant-au-smart-city-day-2018-3\/\"]}]},{\"@type\":\"ImageObject\",\"inLanguage\":\"de\",\"@id\":\"https:\/\/myesmart.com\/de\/esmart-exposant-au-smart-city-day-2018-3\/#primaryimage\",\"url\":\"https:\/\/myesmart.com\/wp-content\/uploads\/2018\/08\/eSMART_smartCityDay_DE.png\",\"contentUrl\":\"https:\/\/myesmart.com\/wp-content\/uploads\/2018\/08\/eSMART_smartCityDay_DE.png\",\"width\":1320,\"height\":550},{\"@type\":\"BreadcrumbList\",\"@id\":\"https:\/\/myesmart.com\/de\/esmart-exposant-au-smart-city-day-2018-3\/#breadcrumb\",\"itemListElement\":[{\"@type\":\"ListItem\",\"position\":1,\"name\":\"Accueil\",\"item\":\"https:\/\/myesmart.com\/\"},{\"@type\":\"ListItem\",\"position\":2,\"name\":\"eSMART Aussteller am Smart City Day 2018\"}]},{\"@type\":\"WebSite\",\"@id\":\"https:\/\/myesmart.com\/de\/#website\",\"url\":\"https:\/\/myesmart.com\/de\/\",\"name\":\"eSMART Technologies\",\"description\":\"The Swiss leaders of interactive and connected home management and we provide sustainable and smart solutions to buildings so that people can improve the comfort to their daily life.\",\"publisher\":{\"@id\":\"https:\/\/myesmart.com\/de\/#organization\"},\"potentialAction\":[{\"@type\":\"SearchAction\",\"target\":{\"@type\":\"EntryPoint\",\"urlTemplate\":\"https:\/\/myesmart.com\/de\/?s={search_term_string}\"},\"query-input\":{\"@type\":\"PropertyValueSpecification\",\"valueRequired\":true,\"valueName\":\"search_term_string\"}}],\"inLanguage\":\"de\"},{\"@type\":\"Organization\",\"@id\":\"https:\/\/myesmart.com\/de\/#organization\",\"name\":\"eSMART Technologies\",\"url\":\"https:\/\/myesmart.com\/de\/\",\"logo\":{\"@type\":\"ImageObject\",\"inLanguage\":\"de\",\"@id\":\"https:\/\/myesmart.com\/de\/#\/schema\/logo\/image\/\",\"url\":\"https:\/\/myesmart.com\/wp-content\/uploads\/2024\/05\/esmart_logo_rgb_transparent.png\",\"contentUrl\":\"https:\/\/myesmart.com\/wp-content\/uploads\/2024\/05\/esmart_logo_rgb_transparent.png\",\"width\":2362,\"height\":874,\"caption\":\"eSMART Technologies\"},\"image\":{\"@id\":\"https:\/\/myesmart.com\/de\/#\/schema\/logo\/image\/\"},\"sameAs\":[\"https:\/\/www.linkedin.com\/company\/esmart-technologies\/\"]},{\"@type\":\"Person\",\"@id\":\"https:\/\/myesmart.com\/de\/#\/schema\/person\/edb5ceb075d89a156356fa30a695d6ef\",\"name\":\"Thomas Bercht\",\"url\":\"https:\/\/myesmart.com\/de\/author\/thomas-bercht\/\"}]}<\/script>\n<!-- \/ Yoast SEO plugin. -->","yoast_head_json":{"title":"eSMART Aussteller am Smart City Day 2018 - eSMART Technologies","robots":{"index":"index","follow":"follow","max-snippet":"max-snippet:-1","max-image-preview":"max-image-preview:large","max-video-preview":"max-video-preview:-1"},"canonical":"https:\/\/myesmart.com\/de\/esmart-exposant-au-smart-city-day-2018-3\/","og_locale":"de_DE","og_type":"article","og_title":"eSMART Aussteller am Smart City Day 2018 - eSMART Technologies","og_description":"Die Digitalisierung macht sich in allen Strukturen der Gesellschaft bemerkbar, und dies vor allem in den St\u00e4dten. Diese technologische Revolution brachte das Konzept der &#8222;Intelligenten St\u00e4dte&#8220; hervor, die effizienter und komfortabler sind und f\u00fcr ein besseres Wohlempfinden seiner B\u00fcrger sorgen. Innobridge, seit 15 Jahren aktiv in der Beratung f\u00fcr Innovation, lancierte den Smart City Day\u00a0in&hellip;","og_url":"https:\/\/myesmart.com\/de\/esmart-exposant-au-smart-city-day-2018-3\/","og_site_name":"eSMART Technologies","article_published_time":"2018-08-13T10:39:29+00:00","article_modified_time":"2025-08-29T15:09:43+00:00","og_image":[{"width":1320,"height":550,"url":"https:\/\/myesmart.com\/wp-content\/uploads\/2018\/08\/eSMART_smartCityDay_DE.png","type":"image\/png"}],"author":"Thomas Bercht","twitter_card":"summary_large_image","twitter_misc":{"Verfasst von":"Thomas Bercht","Gesch\u00e4tzte Lesezeit":"1\u00a0Minute"},"schema":{"@context":"https:\/\/schema.org","@graph":[{"@type":"Article","@id":"https:\/\/myesmart.com\/de\/esmart-exposant-au-smart-city-day-2018-3\/#article","isPartOf":{"@id":"https:\/\/myesmart.com\/de\/esmart-exposant-au-smart-city-day-2018-3\/"},"author":{"name":"Thomas Bercht","@id":"https:\/\/myesmart.com\/de\/#\/schema\/person\/edb5ceb075d89a156356fa30a695d6ef"},"headline":"eSMART Aussteller am Smart City Day 2018","datePublished":"2018-08-13T10:39:29+00:00","dateModified":"2025-08-29T15:09:43+00:00","mainEntityOfPage":{"@id":"https:\/\/myesmart.com\/de\/esmart-exposant-au-smart-city-day-2018-3\/"},"wordCount":283,"commentCount":0,"publisher":{"@id":"https:\/\/myesmart.com\/de\/#organization"},"image":{"@id":"https:\/\/myesmart.com\/de\/esmart-exposant-au-smart-city-day-2018-3\/#primaryimage"},"thumbnailUrl":"https:\/\/myesmart.com\/wp-content\/uploads\/2018\/08\/eSMART_smartCityDay_DE.png","articleSection":["Ev\u00e9nements","Nachrichten @de","Veranstaltungen @de"],"inLanguage":"de","potentialAction":[{"@type":"CommentAction","name":"Comment","target":["https:\/\/myesmart.com\/de\/esmart-exposant-au-smart-city-day-2018-3\/#respond"]}]},{"@type":"WebPage","@id":"https:\/\/myesmart.com\/de\/esmart-exposant-au-smart-city-day-2018-3\/","url":"https:\/\/myesmart.com\/de\/esmart-exposant-au-smart-city-day-2018-3\/","name":"eSMART Aussteller am Smart City Day 2018 - eSMART Technologies","isPartOf":{"@id":"https:\/\/myesmart.com\/de\/#website"},"primaryImageOfPage":{"@id":"https:\/\/myesmart.com\/de\/esmart-exposant-au-smart-city-day-2018-3\/#primaryimage"},"image":{"@id":"https:\/\/myesmart.com\/de\/esmart-exposant-au-smart-city-day-2018-3\/#primaryimage"},"thumbnailUrl":"https:\/\/myesmart.com\/wp-content\/uploads\/2018\/08\/eSMART_smartCityDay_DE.png","datePublished":"2018-08-13T10:39:29+00:00","dateModified":"2025-08-29T15:09:43+00:00","breadcrumb":{"@id":"https:\/\/myesmart.com\/de\/esmart-exposant-au-smart-city-day-2018-3\/#breadcrumb"},"inLanguage":"de","potentialAction":[{"@type":"ReadAction","target":["https:\/\/myesmart.com\/de\/esmart-exposant-au-smart-city-day-2018-3\/"]}]},{"@type":"ImageObject","inLanguage":"de","@id":"https:\/\/myesmart.com\/de\/esmart-exposant-au-smart-city-day-2018-3\/#primaryimage","url":"https:\/\/myesmart.com\/wp-content\/uploads\/2018\/08\/eSMART_smartCityDay_DE.png","contentUrl":"https:\/\/myesmart.com\/wp-content\/uploads\/2018\/08\/eSMART_smartCityDay_DE.png","width":1320,"height":550},{"@type":"BreadcrumbList","@id":"https:\/\/myesmart.com\/de\/esmart-exposant-au-smart-city-day-2018-3\/#breadcrumb","itemListElement":[{"@type":"ListItem","position":1,"name":"Accueil","item":"https:\/\/myesmart.com\/"},{"@type":"ListItem","position":2,"name":"eSMART Aussteller am Smart City Day 2018"}]},{"@type":"WebSite","@id":"https:\/\/myesmart.com\/de\/#website","url":"https:\/\/myesmart.com\/de\/","name":"eSMART Technologies","description":"The Swiss leaders of interactive and connected home management and we provide sustainable and smart solutions to buildings so that people can improve the comfort to their daily life.","publisher":{"@id":"https:\/\/myesmart.com\/de\/#organization"},"potentialAction":[{"@type":"SearchAction","target":{"@type":"EntryPoint","urlTemplate":"https:\/\/myesmart.com\/de\/?s={search_term_string}"},"query-input":{"@type":"PropertyValueSpecification","valueRequired":true,"valueName":"search_term_string"}}],"inLanguage":"de"},{"@type":"Organization","@id":"https:\/\/myesmart.com\/de\/#organization","name":"eSMART Technologies","url":"https:\/\/myesmart.com\/de\/","logo":{"@type":"ImageObject","inLanguage":"de","@id":"https:\/\/myesmart.com\/de\/#\/schema\/logo\/image\/","url":"https:\/\/myesmart.com\/wp-content\/uploads\/2024\/05\/esmart_logo_rgb_transparent.png","contentUrl":"https:\/\/myesmart.com\/wp-content\/uploads\/2024\/05\/esmart_logo_rgb_transparent.png","width":2362,"height":874,"caption":"eSMART Technologies"},"image":{"@id":"https:\/\/myesmart.com\/de\/#\/schema\/logo\/image\/"},"sameAs":["https:\/\/www.linkedin.com\/company\/esmart-technologies\/"]},{"@type":"Person","@id":"https:\/\/myesmart.com\/de\/#\/schema\/person\/edb5ceb075d89a156356fa30a695d6ef","name":"Thomas Bercht","url":"https:\/\/myesmart.com\/de\/author\/thomas-bercht\/"}]}},"_links":{"self":[{"href":"https:\/\/myesmart.com\/de\/wp-json\/wp\/v2\/posts\/14575","targetHints":{"allow":["GET"]}}],"collection":[{"href":"https:\/\/myesmart.com\/de\/wp-json\/wp\/v2\/posts"}],"about":[{"href":"https:\/\/myesmart.com\/de\/wp-json\/wp\/v2\/types\/post"}],"author":[{"embeddable":true,"href":"https:\/\/myesmart.com\/de\/wp-json\/wp\/v2\/users\/2"}],"replies":[{"embeddable":true,"href":"https:\/\/myesmart.com\/de\/wp-json\/wp\/v2\/comments?post=14575"}],"version-history":[{"count":1,"href":"https:\/\/myesmart.com\/de\/wp-json\/wp\/v2\/posts\/14575\/revisions"}],"predecessor-version":[{"id":98376,"href":"https:\/\/myesmart.com\/de\/wp-json\/wp\/v2\/posts\/14575\/revisions\/98376"}],"wp:featuredmedia":[{"embeddable":true,"href":"https:\/\/myesmart.com\/de\/wp-json\/wp\/v2\/media\/14576"}],"wp:attachment":[{"href":"https:\/\/myesmart.com\/de\/wp-json\/wp\/v2\/media?parent=14575"}],"wp:term":[{"taxonomy":"category","embeddable":true,"href":"https:\/\/myesmart.com\/de\/wp-json\/wp\/v2\/categories?post=14575"},{"taxonomy":"post_tag","embeddable":true,"href":"https:\/\/myesmart.com\/de\/wp-json\/wp\/v2\/tags?post=14575"}],"curies":[{"name":"wp","href":"https:\/\/api.w.org\/{rel}","templated":true}]}}