{"id":12735,"date":"2018-01-05T16:51:23","date_gmt":"2018-01-05T16:51:23","guid":{"rendered":"http:\/\/myesmart.com\/?p=12735"},"modified":"2025-08-29T15:09:31","modified_gmt":"2025-08-29T15:09:31","slug":"esmart-a-lhonneur-du-magazine-gvb-info-2","status":"publish","type":"post","link":"https:\/\/myesmart.com\/de\/esmart-a-lhonneur-du-magazine-gvb-info-2\/","title":{"rendered":"eSMART kommt im Magazin GVB-Info zu Ehren"},"content":{"rendered":"<p>Das Informationsmagazin der Gruppe GVB (Geb\u00e4udeversicherung Bern) interviewte Laurent Fabre, Mitgr\u00fcnder des Unternehmens eSMART. Die Firma entwickelt intelligente Systeme f\u00fcr die Geb\u00e4udeautomation.<\/p>\n<p>Sobald Haushaltsger\u00e4te und Unterhaltungselektronik miteinander verbunden sind, spricht man von Smart Home. Das intelligente Haus hat zum Ziel, die Lebensqualit\u00e4t zu verbessern, deshalb entwickeln sich vernetzte Geb\u00e4ude in hohem Masse und ben\u00f6tigen daher ein Versicherungssystem, das sich an die neuen Technologien anpasst.<\/p>\n<p>Interview mit Laurent Fabre \u00fcber das Smart Home in der Schweiz. Vor- und Nachteile der verschiedenen Systeme (Kabel, Welle oder elektrisches Netz) und Datensicherheit.<\/p>\n<p style=\"text-align: justify;\"><a href=\"https:\/\/myesmart.com\/v2\/wp-content\/uploads\/2018\/01\/GVB-Info_Fruehlingsausgabe_2017.pdf\" rel=\"\">Laden Sie den Artikel als Pdf-Datei herunter (Seite 5)<\/a><\/p>\n<p style=\"text-align: justify;\"><a href=\"https:\/\/www.gvb.ch\/\" target=\"_blank\">www.gvb.ch<\/a><\/p>\n<p style=\"text-align: justify;\"><img fetchpriority=\"high\" decoding=\"async\" class=\"alignnone wp-image-12736\" src=\"https:\/\/myesmart.com\/v2\/wp-content\/uploads\/2018\/01\/GVB_DE1.png\" alt=\"\" width=\"390\" height=\"512\" srcset=\"https:\/\/myesmart.com\/wp-content\/uploads\/2018\/01\/GVB_DE1.png 510w, https:\/\/myesmart.com\/wp-content\/uploads\/2018\/01\/GVB_DE1-229x300.png 229w\" sizes=\"(max-width: 390px) 100vw, 390px\" \/> <img decoding=\"async\" class=\"alignnone wp-image-12737\" src=\"https:\/\/myesmart.com\/v2\/wp-content\/uploads\/2018\/01\/GVB_DE2.png\" alt=\"\" width=\"390\" height=\"511\" srcset=\"https:\/\/myesmart.com\/wp-content\/uploads\/2018\/01\/GVB_DE2.png 511w, https:\/\/myesmart.com\/wp-content\/uploads\/2018\/01\/GVB_DE2-229x300.png 229w\" sizes=\"(max-width: 390px) 100vw, 390px\" \/><\/p>\n","protected":false},"excerpt":{"rendered":"<p>Das Informationsmagazin der Gruppe GVB (Geb\u00e4udeversicherung Bern) interviewte Laurent Fabre, Mitgr\u00fcnder des Unternehmens eSMART. Die Firma entwickelt intelligente Systeme f\u00fcr die Geb\u00e4udeautomation. Sobald Haushaltsger\u00e4te und Unterhaltungselektronik miteinander verbunden sind, spricht man von Smart Home. Das intelligente Haus hat zum Ziel, die Lebensqualit\u00e4t zu verbessern, deshalb entwickeln sich vernetzte Geb\u00e4ude in hohem Masse und ben\u00f6tigen daher&hellip;<\/p>\n","protected":false},"author":2,"featured_media":12738,"comment_status":"open","ping_status":"open","sticky":false,"template":"","format":"standard","meta":{"footnotes":""},"categories":[357,472,197,211,414,209],"tags":[],"class_list":["post-12735","post","type-post","status-publish","format-standard","has-post-thumbnail","hentry","category-aktuelles","category-nachrichten","category-actualite-de","category-presse-de","category-unternehmen","category-entreprise-de","category-357","category-472","category-197","category-211","category-414","category-209","description-off"],"yoast_head":"<!-- This site is optimized with the Yoast SEO plugin v26.2 - https:\/\/yoast.com\/wordpress\/plugins\/seo\/ -->\n<title>eSMART kommt im Magazin GVB-Info zu Ehren - eSMART Technologies<\/title>\n<meta name=\"robots\" content=\"index, follow, max-snippet:-1, max-image-preview:large, max-video-preview:-1\" \/>\n<link rel=\"canonical\" href=\"https:\/\/myesmart.com\/de\/esmart-a-lhonneur-du-magazine-gvb-info-2\/\" \/>\n<meta property=\"og:locale\" content=\"de_DE\" \/>\n<meta property=\"og:type\" content=\"article\" \/>\n<meta property=\"og:title\" content=\"eSMART kommt im Magazin GVB-Info zu Ehren - eSMART Technologies\" \/>\n<meta property=\"og:description\" content=\"Das Informationsmagazin der Gruppe GVB (Geb\u00e4udeversicherung Bern) interviewte Laurent Fabre, Mitgr\u00fcnder des Unternehmens eSMART. Die Firma entwickelt intelligente Systeme f\u00fcr die Geb\u00e4udeautomation. Sobald Haushaltsger\u00e4te und Unterhaltungselektronik miteinander verbunden sind, spricht man von Smart Home. Das intelligente Haus hat zum Ziel, die Lebensqualit\u00e4t zu verbessern, deshalb entwickeln sich vernetzte Geb\u00e4ude in hohem Masse und ben\u00f6tigen daher&hellip;\" \/>\n<meta property=\"og:url\" content=\"https:\/\/myesmart.com\/de\/esmart-a-lhonneur-du-magazine-gvb-info-2\/\" \/>\n<meta property=\"og:site_name\" content=\"eSMART Technologies\" \/>\n<meta property=\"article:published_time\" content=\"2018-01-05T16:51:23+00:00\" \/>\n<meta property=\"article:modified_time\" content=\"2025-08-29T15:09:31+00:00\" \/>\n<meta property=\"og:image\" content=\"https:\/\/myesmart.com\/wp-content\/uploads\/2018\/01\/eSMART_GVB_DE.png\" \/>\n\t<meta property=\"og:image:width\" content=\"1320\" \/>\n\t<meta property=\"og:image:height\" content=\"550\" \/>\n\t<meta property=\"og:image:type\" content=\"image\/png\" \/>\n<meta name=\"author\" content=\"Thomas Bercht\" \/>\n<meta name=\"twitter:card\" content=\"summary_large_image\" \/>\n<meta name=\"twitter:label1\" content=\"Verfasst von\" \/>\n\t<meta name=\"twitter:data1\" content=\"Thomas Bercht\" \/>\n\t<meta name=\"twitter:label2\" content=\"Gesch\u00e4tzte Lesezeit\" \/>\n\t<meta name=\"twitter:data2\" content=\"1\u00a0Minute\" \/>\n<script type=\"application\/ld+json\" class=\"yoast-schema-graph\">{\"@context\":\"https:\/\/schema.org\",\"@graph\":[{\"@type\":\"Article\",\"@id\":\"https:\/\/myesmart.com\/de\/esmart-a-lhonneur-du-magazine-gvb-info-2\/#article\",\"isPartOf\":{\"@id\":\"https:\/\/myesmart.com\/de\/esmart-a-lhonneur-du-magazine-gvb-info-2\/\"},\"author\":{\"name\":\"Thomas Bercht\",\"@id\":\"https:\/\/myesmart.com\/de\/#\/schema\/person\/edb5ceb075d89a156356fa30a695d6ef\"},\"headline\":\"eSMART kommt im Magazin GVB-Info zu Ehren\",\"datePublished\":\"2018-01-05T16:51:23+00:00\",\"dateModified\":\"2025-08-29T15:09:31+00:00\",\"mainEntityOfPage\":{\"@id\":\"https:\/\/myesmart.com\/de\/esmart-a-lhonneur-du-magazine-gvb-info-2\/\"},\"wordCount\":114,\"commentCount\":0,\"publisher\":{\"@id\":\"https:\/\/myesmart.com\/de\/#organization\"},\"image\":{\"@id\":\"https:\/\/myesmart.com\/de\/esmart-a-lhonneur-du-magazine-gvb-info-2\/#primaryimage\"},\"thumbnailUrl\":\"https:\/\/myesmart.com\/wp-content\/uploads\/2018\/01\/eSMART_GVB_DE.png\",\"articleSection\":[\"Aktuelles\",\"Nachrichten\",\"Nachrichten @de\",\"Presse @de\",\"Unternehmen\",\"Unternehmen @de\"],\"inLanguage\":\"de\",\"potentialAction\":[{\"@type\":\"CommentAction\",\"name\":\"Comment\",\"target\":[\"https:\/\/myesmart.com\/de\/esmart-a-lhonneur-du-magazine-gvb-info-2\/#respond\"]}]},{\"@type\":\"WebPage\",\"@id\":\"https:\/\/myesmart.com\/de\/esmart-a-lhonneur-du-magazine-gvb-info-2\/\",\"url\":\"https:\/\/myesmart.com\/de\/esmart-a-lhonneur-du-magazine-gvb-info-2\/\",\"name\":\"eSMART kommt im Magazin GVB-Info zu Ehren - eSMART Technologies\",\"isPartOf\":{\"@id\":\"https:\/\/myesmart.com\/de\/#website\"},\"primaryImageOfPage\":{\"@id\":\"https:\/\/myesmart.com\/de\/esmart-a-lhonneur-du-magazine-gvb-info-2\/#primaryimage\"},\"image\":{\"@id\":\"https:\/\/myesmart.com\/de\/esmart-a-lhonneur-du-magazine-gvb-info-2\/#primaryimage\"},\"thumbnailUrl\":\"https:\/\/myesmart.com\/wp-content\/uploads\/2018\/01\/eSMART_GVB_DE.png\",\"datePublished\":\"2018-01-05T16:51:23+00:00\",\"dateModified\":\"2025-08-29T15:09:31+00:00\",\"breadcrumb\":{\"@id\":\"https:\/\/myesmart.com\/de\/esmart-a-lhonneur-du-magazine-gvb-info-2\/#breadcrumb\"},\"inLanguage\":\"de\",\"potentialAction\":[{\"@type\":\"ReadAction\",\"target\":[\"https:\/\/myesmart.com\/de\/esmart-a-lhonneur-du-magazine-gvb-info-2\/\"]}]},{\"@type\":\"ImageObject\",\"inLanguage\":\"de\",\"@id\":\"https:\/\/myesmart.com\/de\/esmart-a-lhonneur-du-magazine-gvb-info-2\/#primaryimage\",\"url\":\"https:\/\/myesmart.com\/wp-content\/uploads\/2018\/01\/eSMART_GVB_DE.png\",\"contentUrl\":\"https:\/\/myesmart.com\/wp-content\/uploads\/2018\/01\/eSMART_GVB_DE.png\",\"width\":1320,\"height\":550},{\"@type\":\"BreadcrumbList\",\"@id\":\"https:\/\/myesmart.com\/de\/esmart-a-lhonneur-du-magazine-gvb-info-2\/#breadcrumb\",\"itemListElement\":[{\"@type\":\"ListItem\",\"position\":1,\"name\":\"Accueil\",\"item\":\"https:\/\/myesmart.com\/\"},{\"@type\":\"ListItem\",\"position\":2,\"name\":\"eSMART kommt im Magazin GVB-Info zu Ehren\"}]},{\"@type\":\"WebSite\",\"@id\":\"https:\/\/myesmart.com\/de\/#website\",\"url\":\"https:\/\/myesmart.com\/de\/\",\"name\":\"eSMART Technologies\",\"description\":\"The Swiss leaders of interactive and connected home management and we provide sustainable and smart solutions to buildings so that people can improve the comfort to their daily life.\",\"publisher\":{\"@id\":\"https:\/\/myesmart.com\/de\/#organization\"},\"potentialAction\":[{\"@type\":\"SearchAction\",\"target\":{\"@type\":\"EntryPoint\",\"urlTemplate\":\"https:\/\/myesmart.com\/de\/?s={search_term_string}\"},\"query-input\":{\"@type\":\"PropertyValueSpecification\",\"valueRequired\":true,\"valueName\":\"search_term_string\"}}],\"inLanguage\":\"de\"},{\"@type\":\"Organization\",\"@id\":\"https:\/\/myesmart.com\/de\/#organization\",\"name\":\"eSMART Technologies\",\"url\":\"https:\/\/myesmart.com\/de\/\",\"logo\":{\"@type\":\"ImageObject\",\"inLanguage\":\"de\",\"@id\":\"https:\/\/myesmart.com\/de\/#\/schema\/logo\/image\/\",\"url\":\"https:\/\/myesmart.com\/wp-content\/uploads\/2024\/05\/esmart_logo_rgb_transparent.png\",\"contentUrl\":\"https:\/\/myesmart.com\/wp-content\/uploads\/2024\/05\/esmart_logo_rgb_transparent.png\",\"width\":2362,\"height\":874,\"caption\":\"eSMART Technologies\"},\"image\":{\"@id\":\"https:\/\/myesmart.com\/de\/#\/schema\/logo\/image\/\"},\"sameAs\":[\"https:\/\/www.linkedin.com\/company\/esmart-technologies\/\"]},{\"@type\":\"Person\",\"@id\":\"https:\/\/myesmart.com\/de\/#\/schema\/person\/edb5ceb075d89a156356fa30a695d6ef\",\"name\":\"Thomas Bercht\",\"url\":\"https:\/\/myesmart.com\/de\/author\/thomas-bercht\/\"}]}<\/script>\n<!-- \/ Yoast SEO plugin. -->","yoast_head_json":{"title":"eSMART kommt im Magazin GVB-Info zu Ehren - eSMART Technologies","robots":{"index":"index","follow":"follow","max-snippet":"max-snippet:-1","max-image-preview":"max-image-preview:large","max-video-preview":"max-video-preview:-1"},"canonical":"https:\/\/myesmart.com\/de\/esmart-a-lhonneur-du-magazine-gvb-info-2\/","og_locale":"de_DE","og_type":"article","og_title":"eSMART kommt im Magazin GVB-Info zu Ehren - eSMART Technologies","og_description":"Das Informationsmagazin der Gruppe GVB (Geb\u00e4udeversicherung Bern) interviewte Laurent Fabre, Mitgr\u00fcnder des Unternehmens eSMART. Die Firma entwickelt intelligente Systeme f\u00fcr die Geb\u00e4udeautomation. Sobald Haushaltsger\u00e4te und Unterhaltungselektronik miteinander verbunden sind, spricht man von Smart Home. Das intelligente Haus hat zum Ziel, die Lebensqualit\u00e4t zu verbessern, deshalb entwickeln sich vernetzte Geb\u00e4ude in hohem Masse und ben\u00f6tigen daher&hellip;","og_url":"https:\/\/myesmart.com\/de\/esmart-a-lhonneur-du-magazine-gvb-info-2\/","og_site_name":"eSMART Technologies","article_published_time":"2018-01-05T16:51:23+00:00","article_modified_time":"2025-08-29T15:09:31+00:00","og_image":[{"width":1320,"height":550,"url":"https:\/\/myesmart.com\/wp-content\/uploads\/2018\/01\/eSMART_GVB_DE.png","type":"image\/png"}],"author":"Thomas Bercht","twitter_card":"summary_large_image","twitter_misc":{"Verfasst von":"Thomas Bercht","Gesch\u00e4tzte Lesezeit":"1\u00a0Minute"},"schema":{"@context":"https:\/\/schema.org","@graph":[{"@type":"Article","@id":"https:\/\/myesmart.com\/de\/esmart-a-lhonneur-du-magazine-gvb-info-2\/#article","isPartOf":{"@id":"https:\/\/myesmart.com\/de\/esmart-a-lhonneur-du-magazine-gvb-info-2\/"},"author":{"name":"Thomas Bercht","@id":"https:\/\/myesmart.com\/de\/#\/schema\/person\/edb5ceb075d89a156356fa30a695d6ef"},"headline":"eSMART kommt im Magazin GVB-Info zu Ehren","datePublished":"2018-01-05T16:51:23+00:00","dateModified":"2025-08-29T15:09:31+00:00","mainEntityOfPage":{"@id":"https:\/\/myesmart.com\/de\/esmart-a-lhonneur-du-magazine-gvb-info-2\/"},"wordCount":114,"commentCount":0,"publisher":{"@id":"https:\/\/myesmart.com\/de\/#organization"},"image":{"@id":"https:\/\/myesmart.com\/de\/esmart-a-lhonneur-du-magazine-gvb-info-2\/#primaryimage"},"thumbnailUrl":"https:\/\/myesmart.com\/wp-content\/uploads\/2018\/01\/eSMART_GVB_DE.png","articleSection":["Aktuelles","Nachrichten","Nachrichten @de","Presse @de","Unternehmen","Unternehmen @de"],"inLanguage":"de","potentialAction":[{"@type":"CommentAction","name":"Comment","target":["https:\/\/myesmart.com\/de\/esmart-a-lhonneur-du-magazine-gvb-info-2\/#respond"]}]},{"@type":"WebPage","@id":"https:\/\/myesmart.com\/de\/esmart-a-lhonneur-du-magazine-gvb-info-2\/","url":"https:\/\/myesmart.com\/de\/esmart-a-lhonneur-du-magazine-gvb-info-2\/","name":"eSMART kommt im Magazin GVB-Info zu Ehren - eSMART Technologies","isPartOf":{"@id":"https:\/\/myesmart.com\/de\/#website"},"primaryImageOfPage":{"@id":"https:\/\/myesmart.com\/de\/esmart-a-lhonneur-du-magazine-gvb-info-2\/#primaryimage"},"image":{"@id":"https:\/\/myesmart.com\/de\/esmart-a-lhonneur-du-magazine-gvb-info-2\/#primaryimage"},"thumbnailUrl":"https:\/\/myesmart.com\/wp-content\/uploads\/2018\/01\/eSMART_GVB_DE.png","datePublished":"2018-01-05T16:51:23+00:00","dateModified":"2025-08-29T15:09:31+00:00","breadcrumb":{"@id":"https:\/\/myesmart.com\/de\/esmart-a-lhonneur-du-magazine-gvb-info-2\/#breadcrumb"},"inLanguage":"de","potentialAction":[{"@type":"ReadAction","target":["https:\/\/myesmart.com\/de\/esmart-a-lhonneur-du-magazine-gvb-info-2\/"]}]},{"@type":"ImageObject","inLanguage":"de","@id":"https:\/\/myesmart.com\/de\/esmart-a-lhonneur-du-magazine-gvb-info-2\/#primaryimage","url":"https:\/\/myesmart.com\/wp-content\/uploads\/2018\/01\/eSMART_GVB_DE.png","contentUrl":"https:\/\/myesmart.com\/wp-content\/uploads\/2018\/01\/eSMART_GVB_DE.png","width":1320,"height":550},{"@type":"BreadcrumbList","@id":"https:\/\/myesmart.com\/de\/esmart-a-lhonneur-du-magazine-gvb-info-2\/#breadcrumb","itemListElement":[{"@type":"ListItem","position":1,"name":"Accueil","item":"https:\/\/myesmart.com\/"},{"@type":"ListItem","position":2,"name":"eSMART kommt im Magazin GVB-Info zu Ehren"}]},{"@type":"WebSite","@id":"https:\/\/myesmart.com\/de\/#website","url":"https:\/\/myesmart.com\/de\/","name":"eSMART Technologies","description":"The Swiss leaders of interactive and connected home management and we provide sustainable and smart solutions to buildings so that people can improve the comfort to their daily life.","publisher":{"@id":"https:\/\/myesmart.com\/de\/#organization"},"potentialAction":[{"@type":"SearchAction","target":{"@type":"EntryPoint","urlTemplate":"https:\/\/myesmart.com\/de\/?s={search_term_string}"},"query-input":{"@type":"PropertyValueSpecification","valueRequired":true,"valueName":"search_term_string"}}],"inLanguage":"de"},{"@type":"Organization","@id":"https:\/\/myesmart.com\/de\/#organization","name":"eSMART Technologies","url":"https:\/\/myesmart.com\/de\/","logo":{"@type":"ImageObject","inLanguage":"de","@id":"https:\/\/myesmart.com\/de\/#\/schema\/logo\/image\/","url":"https:\/\/myesmart.com\/wp-content\/uploads\/2024\/05\/esmart_logo_rgb_transparent.png","contentUrl":"https:\/\/myesmart.com\/wp-content\/uploads\/2024\/05\/esmart_logo_rgb_transparent.png","width":2362,"height":874,"caption":"eSMART Technologies"},"image":{"@id":"https:\/\/myesmart.com\/de\/#\/schema\/logo\/image\/"},"sameAs":["https:\/\/www.linkedin.com\/company\/esmart-technologies\/"]},{"@type":"Person","@id":"https:\/\/myesmart.com\/de\/#\/schema\/person\/edb5ceb075d89a156356fa30a695d6ef","name":"Thomas Bercht","url":"https:\/\/myesmart.com\/de\/author\/thomas-bercht\/"}]}},"_links":{"self":[{"href":"https:\/\/myesmart.com\/de\/wp-json\/wp\/v2\/posts\/12735","targetHints":{"allow":["GET"]}}],"collection":[{"href":"https:\/\/myesmart.com\/de\/wp-json\/wp\/v2\/posts"}],"about":[{"href":"https:\/\/myesmart.com\/de\/wp-json\/wp\/v2\/types\/post"}],"author":[{"embeddable":true,"href":"https:\/\/myesmart.com\/de\/wp-json\/wp\/v2\/users\/2"}],"replies":[{"embeddable":true,"href":"https:\/\/myesmart.com\/de\/wp-json\/wp\/v2\/comments?post=12735"}],"version-history":[{"count":1,"href":"https:\/\/myesmart.com\/de\/wp-json\/wp\/v2\/posts\/12735\/revisions"}],"predecessor-version":[{"id":98331,"href":"https:\/\/myesmart.com\/de\/wp-json\/wp\/v2\/posts\/12735\/revisions\/98331"}],"wp:featuredmedia":[{"embeddable":true,"href":"https:\/\/myesmart.com\/de\/wp-json\/wp\/v2\/media\/12738"}],"wp:attachment":[{"href":"https:\/\/myesmart.com\/de\/wp-json\/wp\/v2\/media?parent=12735"}],"wp:term":[{"taxonomy":"category","embeddable":true,"href":"https:\/\/myesmart.com\/de\/wp-json\/wp\/v2\/categories?post=12735"},{"taxonomy":"post_tag","embeddable":true,"href":"https:\/\/myesmart.com\/de\/wp-json\/wp\/v2\/tags?post=12735"}],"curies":[{"name":"wp","href":"https:\/\/api.w.org\/{rel}","templated":true}]}}